{"id":438012,"date":"2025-04-14T06:00:04","date_gmt":"2025-04-13T23:00:04","guid":{"rendered":"https:\/\/newsreports.com\/?p=438012"},"modified":"2025-04-15T17:55:55","modified_gmt":"2025-04-15T10:55:55","slug":"7-formas-como-isso-te-afeta-quando-voce-nunca-ouviu-eu-te-amo-na-infancia","status":"publish","type":"post","link":"https:\/\/newsreports.com\/pt-br\/7-formas-como-isso-te-afeta-quando-voce-nunca-ouviu-eu-te-amo-na-infancia\/","title":{"rendered":"7 formas como isso te afeta quando voc\u00ea nunca ouviu \u201ceu te amo\u201d na inf\u00e2ncia"},"content":{"rendered":"<p class=\"\" data-start=\"298\" data-end=\"447\">Existe uma diferen\u00e7a profunda entre crescer em um lar onde \u201ceu te amo\u201d era dito com frequ\u00eancia, e um onde essas palavras eram raras \u2014 ou nunca ditas.<\/p>\n<p class=\"\" data-start=\"449\" data-end=\"610\">Essa diferen\u00e7a fica gravada. Crescer sem ouvir \u201ceu te amo\u201d pode deixar marcas duradouras, moldando a maneira como voc\u00ea entende o amor e se relaciona com o mundo.<\/p>\n<p class=\"\" data-start=\"612\" data-end=\"780\">Quando voc\u00ea n\u00e3o ouviu \u201ceu te amo\u201d na inf\u00e2ncia, geralmente precisa encontrar seu pr\u00f3prio caminho para compreender o afeto. E acredite, esse caminho nem sempre \u00e9 simples.<\/p>\n<p class=\"\" data-start=\"782\" data-end=\"948\">Entender como essa aus\u00eancia pode afetar voc\u00ea na vida adulta \u00e9 essencial. Existem sete formas principais pelas quais essa falta de afirma\u00e7\u00e3o verbal pode se manifestar.<\/p>\n<p class=\"\" data-start=\"950\" data-end=\"1058\">E sim, \u00e9 importante lembrar: cada pessoa vive isso de uma forma \u00fanica \u2014 a experi\u00eancia humana nunca \u00e9 uma s\u00f3.<\/p>\n<p class=\"\" data-start=\"1060\" data-end=\"1197\">Vamos explorar agora essas sete formas de impacto que podem surgir ao crescer sem ouvir essas tr\u00eas palavras t\u00e3o importantes: \u201ceu te amo\u201d.<\/p>\n<h2 data-start=\"1204\" data-end=\"1243\">1) Dificuldade em expressar emo\u00e7\u00f5es<\/h2>\n<p class=\"\" data-start=\"1245\" data-end=\"1360\">Uma das consequ\u00eancias mais imediatas de n\u00e3o ouvir \u201ceu te amo\u201d na inf\u00e2ncia \u00e9 ter dificuldade para expressar emo\u00e7\u00f5es.<\/p>\n<p class=\"\" data-start=\"1362\" data-end=\"1524\">Lembre-se: crian\u00e7as aprendem com o que veem e ouvem. Quando essas palavras n\u00e3o fazem parte do cotidiano, pode ser complicado compreender ou comunicar sentimentos.<\/p>\n<p class=\"\" data-start=\"1526\" data-end=\"1631\">Crescer em um ambiente onde o afeto verbal n\u00e3o existe pode resultar em um vocabul\u00e1rio emocional limitado.<\/p>\n<p class=\"\" data-start=\"1633\" data-end=\"1747\">Voc\u00ea pode achar dif\u00edcil demonstrar carinho pelos outros, ou at\u00e9 entender quando algu\u00e9m demonstra carinho por voc\u00ea.<\/p>\n<p class=\"\" data-start=\"1749\" data-end=\"1865\">\u00c9 como tentar andar por uma cidade estrangeira sem um mapa \u2014 \u00e9 poss\u00edvel chegar, mas o caminho ser\u00e1 cheio de desvios.<\/p>\n<p class=\"\" data-start=\"1867\" data-end=\"2069\">Reconhecer essa dificuldade \u00e9 o primeiro passo para melhorar sua comunica\u00e7\u00e3o emocional. E entender que isso n\u00e3o \u00e9 um defeito seu, mas sim um reflexo do ambiente em que voc\u00ea cresceu, pode ser libertador.<\/p>\n<p class=\"\" data-start=\"2071\" data-end=\"2172\">No fim das contas, aprender a expressar sentimentos \u00e9 como aprender um novo idioma: o idioma do amor.<\/p>\n<h2 data-start=\"2179\" data-end=\"2209\">2) Medo da vulnerabilidade<\/h2>\n<p class=\"\" data-start=\"2211\" data-end=\"2343\">Outra consequ\u00eancia de n\u00e3o ouvir \u201ceu te amo\u201d na inf\u00e2ncia \u00e9 o medo profundo de se mostrar vulner\u00e1vel. Eu falo por experi\u00eancia pr\u00f3pria.<\/p>\n<p class=\"\" data-start=\"2345\" data-end=\"2450\">No meu lar, afeto era algo raro. As palavras que estamos discutindo aqui? Eram praticamente inexistentes.<\/p>\n<p class=\"\" data-start=\"2452\" data-end=\"2637\">Com o tempo, constru\u00ed muros ao redor de mim. Tinha medo de deixar as pessoas se aproximarem, medo de me apegarem e depois me decepcionarem \u2014 como se o amor fosse algo que sempre faltou.<\/p>\n<p class=\"\" data-start=\"2639\" data-end=\"2758\">Era um mecanismo de defesa. Evitava me mostrar por inteiro, temendo que, se algu\u00e9m visse minhas \u201cfalhas\u201d, fosse embora.<\/p>\n<p class=\"\" data-start=\"2760\" data-end=\"2977\">Mas sabe de uma coisa? Reconhecer esse medo foi o primeiro passo para super\u00e1-lo. Entender que ele veio da minha inf\u00e2ncia me ajudou a baixar a guarda, aos poucos, e permitir que outras pessoas realmente me conhecessem.<\/p>\n<p class=\"\" data-start=\"2979\" data-end=\"3122\">Ainda \u00e9 um processo em andamento. Mas saber de onde vem esse medo tem sido fundamental para meu crescimento pessoal e nos meus relacionamentos.<\/p>\n<h2 data-start=\"3129\" data-end=\"3158\">3) Dificuldades com apego<\/h2>\n<p class=\"\" data-start=\"3160\" data-end=\"3285\">A aus\u00eancia de \u201ceu te amo\u201d pode se refletir em problemas de apego na vida adulta \u2014 e isso \u00e9 algo que a psicologia j\u00e1 comprova.<\/p>\n<p class=\"\" data-start=\"3287\" data-end=\"3418\">De acordo com a teoria do apego, desenvolvida por John Bowlby, nossas primeiras rela\u00e7\u00f5es com cuidadores moldam as futuras rela\u00e7\u00f5es.<\/p>\n<p class=\"\" data-start=\"3420\" data-end=\"3577\">Quando o amor n\u00e3o \u00e9 verbalizado, pode surgir uma inseguran\u00e7a sobre o pr\u00f3prio valor. Isso, por sua vez, pode gerar um estilo de apego inseguro na vida adulta.<\/p>\n<p class=\"\" data-start=\"3579\" data-end=\"3754\">Pessoas com esse tipo de apego geralmente t\u00eam dificuldades em confiar nos outros, podendo se tornar excessivamente dependentes do parceiro, ou se afastar para evitar rejei\u00e7\u00e3o.<\/p>\n<p class=\"\" data-start=\"3756\" data-end=\"3906\">\u00c9 como um p\u00eandulo: entre querer amor desesperadamente e fugir dele ao mesmo tempo \u2014 tudo isso por causa da incerteza constru\u00edda l\u00e1 atr\u00e1s, na inf\u00e2ncia.<\/p>\n<p class=\"\" data-start=\"3908\" data-end=\"3992\">Reconhecer isso \u00e9 o primeiro passo para desenvolver um apego mais seguro e saud\u00e1vel.<\/p>\n<h2 data-start=\"3999\" data-end=\"4035\">4) Busca constante por valida\u00e7\u00e3o<\/h2>\n<p class=\"\" data-start=\"4037\" data-end=\"4128\">Crescer sem ouvir \u201ceu te amo\u201d pode levar voc\u00ea a buscar, incansavelmente, valida\u00e7\u00e3o externa.<\/p>\n<p class=\"\" data-start=\"4130\" data-end=\"4331\">Quando o amor n\u00e3o \u00e9 verbalizado, \u00e9 comum que a crian\u00e7a \u2014 e mais tarde o adulto \u2014 passe a procurar reconhecimento em outros lugares. Seja atrav\u00e9s de elogios, conquistas ou tentativas de agradar a todos.<\/p>\n<p class=\"\" data-start=\"4333\" data-end=\"4475\">Voc\u00ea pode se esfor\u00e7ar ao m\u00e1ximo para ser aceito, fazer de tudo para se sentir \u201cvisto\u201d \u2014 e mesmo assim, continuar se sentindo vazio por dentro.<\/p>\n<p class=\"\" data-start=\"4477\" data-end=\"4600\">A l\u00f3gica inconsciente \u00e9: \u201cSe ningu\u00e9m disse que me ama, talvez eu precise fazer algo extraordin\u00e1rio para merecer esse amor.\u201d<\/p>\n<p class=\"\" data-start=\"4602\" data-end=\"4704\">Isso pode se tornar uma busca cansativa e frustrante por aprova\u00e7\u00e3o, que parece nunca ser o suficiente.<\/p>\n<p class=\"\" data-start=\"4706\" data-end=\"4836\">Mas enxergar esse padr\u00e3o j\u00e1 \u00e9 um passo para quebr\u00e1-lo. Seu valor n\u00e3o depende do aplauso dos outros \u2014 ele j\u00e1 existe dentro de voc\u00ea.<\/p>\n<h2 data-start=\"4843\" data-end=\"4877\">5) Dificuldade em aceitar amor<\/h2>\n<p class=\"\" data-start=\"4879\" data-end=\"4989\">Quando voc\u00ea n\u00e3o cresceu ouvindo \u201ceu te amo\u201d, pode ser muito dif\u00edcil aceitar quando algu\u00e9m finalmente diz isso.<\/p>\n<p class=\"\" data-start=\"4991\" data-end=\"5023\">Passei por isso mais de uma vez.<\/p>\n<p class=\"\" data-start=\"5025\" data-end=\"5155\">Na minha juventude, conheci algu\u00e9m que n\u00e3o tinha medo de demonstrar sentimentos. Essa pessoa me dizia \u201ceu te amo\u201d com sinceridade.<\/p>\n<p class=\"\" data-start=\"5157\" data-end=\"5293\">Mas em vez de sentir alegria, eu sentia desconfian\u00e7a. Pensava: \u201cS\u00e9rio? Me amar? Por qu\u00ea?\u201d Eu n\u00e3o sabia como reagir, n\u00e3o me sentia digno.<\/p>\n<p class=\"\" data-start=\"5295\" data-end=\"5364\">Era como ganhar um presente lindo, mas n\u00e3o achar que merecia abri-lo.<\/p>\n<p class=\"\" data-start=\"5366\" data-end=\"5512\">Foi s\u00f3 com o tempo e autocompaix\u00e3o que comecei a entender de onde vinha essa sensa\u00e7\u00e3o. E percebi: aceitar amor \u00e9 t\u00e3o importante quanto oferec\u00ea-lo.<\/p>\n<p class=\"\" data-start=\"5514\" data-end=\"5608\">Est\u00e1 tudo bem deixar algu\u00e9m amar voc\u00ea. E mais importante ainda: est\u00e1 tudo bem amar a si mesmo.<\/p>\n<h2 data-start=\"5615\" data-end=\"5650\">6) Exagerar nos relacionamentos<\/h2>\n<p class=\"\" data-start=\"5652\" data-end=\"5752\">Uma consequ\u00eancia menos \u00f3bvia de n\u00e3o ouvir \u201ceu te amo\u201d \u00e9 a tend\u00eancia de exagerar nos relacionamentos.<\/p>\n<p class=\"\" data-start=\"5754\" data-end=\"5846\">Voc\u00ea pode acabar fazendo tudo pelos parceiros, se doando demais \u2014 quase implorando por amor.<\/p>\n<p class=\"\" data-start=\"5848\" data-end=\"5929\">\u00c9 como se tentasse preencher, com excesso de carinho, o vazio que ficou l\u00e1 atr\u00e1s.<\/p>\n<p class=\"\" data-start=\"5931\" data-end=\"6070\">Mas esse exagero pode criar desequil\u00edbrios. Quando voc\u00ea d\u00e1 demais e n\u00e3o sabe receber, a rela\u00e7\u00e3o se torna pesada \u2014 e \u00e0s vezes at\u00e9 sufocante.<\/p>\n<p class=\"\" data-start=\"6072\" data-end=\"6139\">Amar n\u00e3o \u00e9 sobre se esvaziar. \u00c9 sobre troca, respeito e equil\u00edbrio.<\/p>\n<p class=\"\" data-start=\"6141\" data-end=\"6240\">Reconhecer esse padr\u00e3o ajuda voc\u00ea a construir rela\u00e7\u00f5es mais saud\u00e1veis. Amar tamb\u00e9m \u00e9 saber receber.<\/p>\n<h2 data-start=\"6247\" data-end=\"6276\">7) Dificuldade em se amar<\/h2>\n<p class=\"\" data-start=\"6278\" data-end=\"6383\">Talvez o impacto mais profundo de nunca ter ouvido \u201ceu te amo\u201d na inf\u00e2ncia seja a dificuldade de se amar.<\/p>\n<p class=\"\" data-start=\"6385\" data-end=\"6481\">Quando o amor n\u00e3o \u00e9 verbalizado, a crian\u00e7a pode internalizar a ideia de que n\u00e3o \u00e9 digna de amor.<\/p>\n<p class=\"\" data-start=\"6483\" data-end=\"6574\">E isso pode se transformar, com o tempo, em baixa autoestima, autocr\u00edtica e autossabotagem.<\/p>\n<p class=\"\" data-start=\"6576\" data-end=\"6693\">Mas \u00e9 fundamental entender: o fato de n\u00e3o terem dito \u201ceu te amo\u201d para voc\u00ea, n\u00e3o significa que voc\u00ea n\u00e3o merecia ouvir.<\/p>\n<p class=\"\" data-start=\"6695\" data-end=\"6762\">Voc\u00ea \u00e9 digno de amor \u2014 dos outros, e principalmente do seu pr\u00f3prio.<\/p>\n<h2 data-start=\"6769\" data-end=\"6808\">Abra\u00e7ando a jornada do amor-pr\u00f3prio<\/h2>\n<p class=\"\" data-start=\"6810\" data-end=\"6914\">Compreender as ra\u00edzes das nossas emo\u00e7\u00f5es pode ser uma jornada desafiadora, mas tamb\u00e9m muito libertadora.<\/p>\n<p class=\"\" data-start=\"6916\" data-end=\"7019\">Para quem n\u00e3o ouviu \u201ceu te amo\u201d na inf\u00e2ncia, esse caminho passa por camadas de autoconhecimento e cura.<\/p>\n<p class=\"\" data-start=\"7021\" data-end=\"7127\">\u00c9 sobre entender como o passado ainda vive no presente \u2014 e escolher, conscientemente, um futuro diferente.<\/p>\n<p class=\"\" data-start=\"7129\" data-end=\"7217\">Amor n\u00e3o \u00e9 s\u00f3 uma palavra. E mesmo quando n\u00e3o \u00e9 dito, pode ser sentido de outras formas.<\/p>\n<p class=\"\" data-start=\"7219\" data-end=\"7263\">Como disse Carl Rogers, psic\u00f3logo humanista:<\/p>\n<blockquote data-start=\"7265\" data-end=\"7343\">\n<p class=\"\" data-start=\"7267\" data-end=\"7343\">\u201cA curiosa contradi\u00e7\u00e3o \u00e9 que, quando me aceito como sou, ent\u00e3o posso mudar.\u201d<\/p>\n<\/blockquote>\n<p class=\"\" data-start=\"7345\" data-end=\"7411\">Essa aceita\u00e7\u00e3o \u00e9 o primeiro passo para desenvolver o amor-pr\u00f3prio.<\/p>\n<p class=\"\" data-start=\"7413\" data-end=\"7523\">Voc\u00ea pode n\u00e3o ter ouvido \u201ceu te amo\u201d quando crian\u00e7a \u2014 mas hoje, voc\u00ea pode aprender a dizer isso para si mesmo.<\/p>\n<p class=\"\" data-start=\"7525\" data-end=\"7574\">E pode tamb\u00e9m dizer isso \u00e0s pessoas ao seu redor.<\/p>\n<p class=\"\" data-start=\"7576\" data-end=\"7685\">Porque no fim das contas, todos n\u00f3s estamos tentando navegar neste mundo complicado da melhor forma poss\u00edvel.<\/p>\n<p class=\"\" data-start=\"7687\" data-end=\"7746\">E s\u00f3 por isso, j\u00e1 merecemos nosso pr\u00f3prio amor e gentileza.<\/p>\n","protected":false},"excerpt":{"rendered":"<p>Existe uma diferen\u00e7a profunda entre crescer em um lar onde \u201ceu te amo\u201d era dito com frequ\u00eancia, e um onde essas palavras eram raras \u2014 ou nunca ditas. Essa diferen\u00e7a fica gravada. Crescer sem ouvir \u201ceu te amo\u201d pode deixar marcas duradouras, moldando a maneira como voc\u00ea entende o amor e se relaciona com o [&hellip;]<\/p>\n","protected":false},"author":15934,"featured_media":432886,"comment_status":"closed","ping_status":"closed","sticky":false,"template":"","format":"standard","meta":{"_acf_changed":false,"inline_featured_image":false,"footnotes":""},"categories":[23250],"tags":[],"class_list":["post-438012","post","type-post","status-publish","format-standard","has-post-thumbnail","hentry","category-nao-categorizado"],"acf":[],"yoast_head":"<!-- This site is optimized with the Yoast SEO plugin v18.8 - https:\/\/yoast.com\/wordpress\/plugins\/seo\/ -->\n<title>7 formas como isso te afeta quando voc\u00ea nunca ouviu \u201ceu te amo\u201d na inf\u00e2ncia<\/title>\n<meta name=\"robots\" content=\"index, follow, max-snippet:-1, max-image-preview:large, max-video-preview:-1\" \/>\n<link rel=\"canonical\" href=\"https:\/\/newsreports.com\/pt-br\/7-formas-como-isso-te-afeta-quando-voce-nunca-ouviu-eu-te-amo-na-infancia\/\" \/>\n<meta property=\"og:locale\" content=\"pt_BR\" \/>\n<meta property=\"og:type\" content=\"article\" \/>\n<meta property=\"og:title\" content=\"7 formas como isso te afeta quando voc\u00ea nunca ouviu \u201ceu te amo\u201d na inf\u00e2ncia\" \/>\n<meta property=\"og:description\" content=\"Existe uma diferen\u00e7a profunda entre crescer em um lar onde \u201ceu te amo\u201d era dito com frequ\u00eancia, e um onde essas palavras eram raras \u2014 ou nunca ditas. Essa diferen\u00e7a fica gravada. Crescer sem ouvir \u201ceu te amo\u201d pode deixar marcas duradouras, moldando a maneira como voc\u00ea entende o amor e se relaciona com o [&hellip;]\" \/>\n<meta property=\"og:url\" content=\"https:\/\/newsreports.com\/pt-br\/7-formas-como-isso-te-afeta-quando-voce-nunca-ouviu-eu-te-amo-na-infancia\/\" \/>\n<meta property=\"og:site_name\" content=\"NewsReports\" \/>\n<meta property=\"article:published_time\" content=\"2025-04-13T23:00:04+00:00\" \/>\n<meta property=\"article:modified_time\" content=\"2025-04-15T10:55:55+00:00\" \/>\n<meta property=\"og:image\" content=\"https:\/\/newsreports.com\/wp-content\/uploads\/2025\/04\/dan-ways-it-affects-you-when-you-never-heard-i-love-you-as-a-child.png\" \/>\n\t<meta property=\"og:image:width\" content=\"1600\" \/>\n\t<meta property=\"og:image:height\" content=\"840\" \/>\n\t<meta property=\"og:image:type\" content=\"image\/png\" \/>\n<meta name=\"twitter:card\" content=\"summary_large_image\" \/>\n<meta name=\"twitter:label1\" content=\"Escrito por\" \/>\n\t<meta name=\"twitter:data1\" content=\"Claire Dawson\" \/>\n\t<meta name=\"twitter:label2\" content=\"Est. tempo de leitura\" \/>\n\t<meta name=\"twitter:data2\" content=\"7 minutos\" \/>\n<script type=\"application\/ld+json\" class=\"yoast-schema-graph\">{\"@context\":\"https:\/\/schema.org\",\"@graph\":[{\"@type\":\"WebSite\",\"@id\":\"https:\/\/newsreports.com\/pt-br\/#website\",\"url\":\"https:\/\/newsreports.com\/pt-br\/\",\"name\":\"NewsReports\",\"description\":\"- Apps News, Trends, and More\",\"potentialAction\":[{\"@type\":\"SearchAction\",\"target\":{\"@type\":\"EntryPoint\",\"urlTemplate\":\"https:\/\/newsreports.com\/pt-br\/?s={search_term_string}\"},\"query-input\":\"required name=search_term_string\"}],\"inLanguage\":\"pt-BR\"},{\"@type\":\"ImageObject\",\"inLanguage\":\"pt-BR\",\"@id\":\"https:\/\/newsreports.com\/pt-br\/7-formas-como-isso-te-afeta-quando-voce-nunca-ouviu-eu-te-amo-na-infancia\/#primaryimage\",\"url\":\"https:\/\/newsreports.com\/wp-content\/uploads\/2025\/04\/dan-ways-it-affects-you-when-you-never-heard-i-love-you-as-a-child.png\",\"contentUrl\":\"https:\/\/newsreports.com\/wp-content\/uploads\/2025\/04\/dan-ways-it-affects-you-when-you-never-heard-i-love-you-as-a-child.png\",\"width\":1600,\"height\":840},{\"@type\":\"WebPage\",\"@id\":\"https:\/\/newsreports.com\/pt-br\/7-formas-como-isso-te-afeta-quando-voce-nunca-ouviu-eu-te-amo-na-infancia\/#webpage\",\"url\":\"https:\/\/newsreports.com\/pt-br\/7-formas-como-isso-te-afeta-quando-voce-nunca-ouviu-eu-te-amo-na-infancia\/\",\"name\":\"7 formas como isso te afeta quando voc\u00ea nunca ouviu \u201ceu te amo\u201d na inf\u00e2ncia\",\"isPartOf\":{\"@id\":\"https:\/\/newsreports.com\/pt-br\/#website\"},\"primaryImageOfPage\":{\"@id\":\"https:\/\/newsreports.com\/pt-br\/7-formas-como-isso-te-afeta-quando-voce-nunca-ouviu-eu-te-amo-na-infancia\/#primaryimage\"},\"datePublished\":\"2025-04-13T23:00:04+00:00\",\"dateModified\":\"2025-04-15T10:55:55+00:00\",\"author\":{\"@id\":\"https:\/\/newsreports.com\/pt-br\/#\/schema\/person\/0ef3a13dcb246b059a45f9f09c1de585\"},\"breadcrumb\":{\"@id\":\"https:\/\/newsreports.com\/pt-br\/7-formas-como-isso-te-afeta-quando-voce-nunca-ouviu-eu-te-amo-na-infancia\/#breadcrumb\"},\"inLanguage\":\"pt-BR\",\"potentialAction\":[{\"@type\":\"ReadAction\",\"target\":[\"https:\/\/newsreports.com\/pt-br\/7-formas-como-isso-te-afeta-quando-voce-nunca-ouviu-eu-te-amo-na-infancia\/\"]}]},{\"@type\":\"BreadcrumbList\",\"@id\":\"https:\/\/newsreports.com\/pt-br\/7-formas-como-isso-te-afeta-quando-voce-nunca-ouviu-eu-te-amo-na-infancia\/#breadcrumb\",\"itemListElement\":[{\"@type\":\"ListItem\",\"position\":1,\"name\":\"Home\",\"item\":\"https:\/\/newsreports.com\/pt-br\/inicio\/\"},{\"@type\":\"ListItem\",\"position\":2,\"name\":\"7 formas como isso te afeta quando voc\u00ea nunca ouviu \u201ceu te amo\u201d na inf\u00e2ncia\"}]},{\"@type\":\"Person\",\"@id\":\"https:\/\/newsreports.com\/pt-br\/#\/schema\/person\/0ef3a13dcb246b059a45f9f09c1de585\",\"name\":\"Claire Dawson\",\"image\":{\"@type\":\"ImageObject\",\"inLanguage\":\"pt-BR\",\"@id\":\"https:\/\/newsreports.com\/pt-br\/#\/schema\/person\/image\/\",\"url\":\"https:\/\/newsreports.com\/wp-content\/uploads\/2025\/01\/cropped-Claire-Dawson-96x96.png\",\"contentUrl\":\"https:\/\/newsreports.com\/wp-content\/uploads\/2025\/01\/cropped-Claire-Dawson-96x96.png\",\"caption\":\"Claire Dawson\"},\"description\":\"Claire Dawson doesn\u2019t just report the news\u2014she digs into the psychology and cultural shifts driving today\u2019s biggest stories. She focuses on the why behind the headlines, breaking down complex issues in a way that makes sense. Whether covering political trends, behavioral patterns, or social movements, she\u2019s committed to providing thoughtful analysis that helps readers see the bigger picture.\",\"url\":\"https:\/\/newsreports.com\/pt-br\/author\/clairedawson\/\"}]}<\/script>\n<!-- \/ Yoast SEO plugin. -->","yoast_head_json":{"title":"7 formas como isso te afeta quando voc\u00ea nunca ouviu \u201ceu te amo\u201d na inf\u00e2ncia","robots":{"index":"index","follow":"follow","max-snippet":"max-snippet:-1","max-image-preview":"max-image-preview:large","max-video-preview":"max-video-preview:-1"},"canonical":"https:\/\/newsreports.com\/pt-br\/7-formas-como-isso-te-afeta-quando-voce-nunca-ouviu-eu-te-amo-na-infancia\/","og_locale":"pt_BR","og_type":"article","og_title":"7 formas como isso te afeta quando voc\u00ea nunca ouviu \u201ceu te amo\u201d na inf\u00e2ncia","og_description":"Existe uma diferen\u00e7a profunda entre crescer em um lar onde \u201ceu te amo\u201d era dito com frequ\u00eancia, e um onde essas palavras eram raras \u2014 ou nunca ditas. Essa diferen\u00e7a fica gravada. Crescer sem ouvir \u201ceu te amo\u201d pode deixar marcas duradouras, moldando a maneira como voc\u00ea entende o amor e se relaciona com o [&hellip;]","og_url":"https:\/\/newsreports.com\/pt-br\/7-formas-como-isso-te-afeta-quando-voce-nunca-ouviu-eu-te-amo-na-infancia\/","og_site_name":"NewsReports","article_published_time":"2025-04-13T23:00:04+00:00","article_modified_time":"2025-04-15T10:55:55+00:00","og_image":[{"width":1600,"height":840,"url":"https:\/\/newsreports.com\/wp-content\/uploads\/2025\/04\/dan-ways-it-affects-you-when-you-never-heard-i-love-you-as-a-child.png","type":"image\/png"}],"twitter_card":"summary_large_image","twitter_misc":{"Escrito por":"Claire Dawson","Est. tempo de leitura":"7 minutos"},"schema":{"@context":"https:\/\/schema.org","@graph":[{"@type":"WebSite","@id":"https:\/\/newsreports.com\/pt-br\/#website","url":"https:\/\/newsreports.com\/pt-br\/","name":"NewsReports","description":"- Apps News, Trends, and More","potentialAction":[{"@type":"SearchAction","target":{"@type":"EntryPoint","urlTemplate":"https:\/\/newsreports.com\/pt-br\/?s={search_term_string}"},"query-input":"required name=search_term_string"}],"inLanguage":"pt-BR"},{"@type":"ImageObject","inLanguage":"pt-BR","@id":"https:\/\/newsreports.com\/pt-br\/7-formas-como-isso-te-afeta-quando-voce-nunca-ouviu-eu-te-amo-na-infancia\/#primaryimage","url":"https:\/\/newsreports.com\/wp-content\/uploads\/2025\/04\/dan-ways-it-affects-you-when-you-never-heard-i-love-you-as-a-child.png","contentUrl":"https:\/\/newsreports.com\/wp-content\/uploads\/2025\/04\/dan-ways-it-affects-you-when-you-never-heard-i-love-you-as-a-child.png","width":1600,"height":840},{"@type":"WebPage","@id":"https:\/\/newsreports.com\/pt-br\/7-formas-como-isso-te-afeta-quando-voce-nunca-ouviu-eu-te-amo-na-infancia\/#webpage","url":"https:\/\/newsreports.com\/pt-br\/7-formas-como-isso-te-afeta-quando-voce-nunca-ouviu-eu-te-amo-na-infancia\/","name":"7 formas como isso te afeta quando voc\u00ea nunca ouviu \u201ceu te amo\u201d na inf\u00e2ncia","isPartOf":{"@id":"https:\/\/newsreports.com\/pt-br\/#website"},"primaryImageOfPage":{"@id":"https:\/\/newsreports.com\/pt-br\/7-formas-como-isso-te-afeta-quando-voce-nunca-ouviu-eu-te-amo-na-infancia\/#primaryimage"},"datePublished":"2025-04-13T23:00:04+00:00","dateModified":"2025-04-15T10:55:55+00:00","author":{"@id":"https:\/\/newsreports.com\/pt-br\/#\/schema\/person\/0ef3a13dcb246b059a45f9f09c1de585"},"breadcrumb":{"@id":"https:\/\/newsreports.com\/pt-br\/7-formas-como-isso-te-afeta-quando-voce-nunca-ouviu-eu-te-amo-na-infancia\/#breadcrumb"},"inLanguage":"pt-BR","potentialAction":[{"@type":"ReadAction","target":["https:\/\/newsreports.com\/pt-br\/7-formas-como-isso-te-afeta-quando-voce-nunca-ouviu-eu-te-amo-na-infancia\/"]}]},{"@type":"BreadcrumbList","@id":"https:\/\/newsreports.com\/pt-br\/7-formas-como-isso-te-afeta-quando-voce-nunca-ouviu-eu-te-amo-na-infancia\/#breadcrumb","itemListElement":[{"@type":"ListItem","position":1,"name":"Home","item":"https:\/\/newsreports.com\/pt-br\/inicio\/"},{"@type":"ListItem","position":2,"name":"7 formas como isso te afeta quando voc\u00ea nunca ouviu \u201ceu te amo\u201d na inf\u00e2ncia"}]},{"@type":"Person","@id":"https:\/\/newsreports.com\/pt-br\/#\/schema\/person\/0ef3a13dcb246b059a45f9f09c1de585","name":"Claire Dawson","image":{"@type":"ImageObject","inLanguage":"pt-BR","@id":"https:\/\/newsreports.com\/pt-br\/#\/schema\/person\/image\/","url":"https:\/\/newsreports.com\/wp-content\/uploads\/2025\/01\/cropped-Claire-Dawson-96x96.png","contentUrl":"https:\/\/newsreports.com\/wp-content\/uploads\/2025\/01\/cropped-Claire-Dawson-96x96.png","caption":"Claire Dawson"},"description":"Claire Dawson doesn\u2019t just report the news\u2014she digs into the psychology and cultural shifts driving today\u2019s biggest stories. She focuses on the why behind the headlines, breaking down complex issues in a way that makes sense. Whether covering political trends, behavioral patterns, or social movements, she\u2019s committed to providing thoughtful analysis that helps readers see the bigger picture.","url":"https:\/\/newsreports.com\/pt-br\/author\/clairedawson\/"}]}},"_links":{"self":[{"href":"https:\/\/newsreports.com\/pt-br\/wp-json\/wp\/v2\/posts\/438012","targetHints":{"allow":["GET"]}}],"collection":[{"href":"https:\/\/newsreports.com\/pt-br\/wp-json\/wp\/v2\/posts"}],"about":[{"href":"https:\/\/newsreports.com\/pt-br\/wp-json\/wp\/v2\/types\/post"}],"author":[{"embeddable":true,"href":"https:\/\/newsreports.com\/pt-br\/wp-json\/wp\/v2\/users\/15934"}],"replies":[{"embeddable":true,"href":"https:\/\/newsreports.com\/pt-br\/wp-json\/wp\/v2\/comments?post=438012"}],"version-history":[{"count":1,"href":"https:\/\/newsreports.com\/pt-br\/wp-json\/wp\/v2\/posts\/438012\/revisions"}],"predecessor-version":[{"id":438013,"href":"https:\/\/newsreports.com\/pt-br\/wp-json\/wp\/v2\/posts\/438012\/revisions\/438013"}],"wp:featuredmedia":[{"embeddable":true,"href":"https:\/\/newsreports.com\/pt-br\/wp-json\/wp\/v2\/media\/432886"}],"wp:attachment":[{"href":"https:\/\/newsreports.com\/pt-br\/wp-json\/wp\/v2\/media?parent=438012"}],"wp:term":[{"taxonomy":"category","embeddable":true,"href":"https:\/\/newsreports.com\/pt-br\/wp-json\/wp\/v2\/categories?post=438012"},{"taxonomy":"post_tag","embeddable":true,"href":"https:\/\/newsreports.com\/pt-br\/wp-json\/wp\/v2\/tags?post=438012"}],"curies":[{"name":"wp","href":"https:\/\/api.w.org\/{rel}","templated":true}]}}