{"id":345123,"date":"2025-03-12T12:00:17","date_gmt":"2025-03-12T05:00:17","guid":{"rendered":"https:\/\/newsreports.com\/?p=345123"},"modified":"2025-03-12T13:27:41","modified_gmt":"2025-03-12T06:27:41","slug":"7-pequenos-habitos-que-enfraquecem-seu-vinculo-com-seus-filhos-ao-longo-do-tempo","status":"publish","type":"post","link":"https:\/\/newsreports.com\/pt-br\/7-pequenos-habitos-que-enfraquecem-seu-vinculo-com-seus-filhos-ao-longo-do-tempo\/","title":{"rendered":"7 pequenos h\u00e1bitos que enfraquecem seu v\u00ednculo com seus filhos ao longo do tempo"},"content":{"rendered":"<p data-start=\"206\" data-end=\"229\">Meu pai sempre dizia:<\/p>\n<p data-start=\"231\" data-end=\"307\">\ud83d\udccc <strong data-start=\"234\" data-end=\"305\">\u201cA base de uma boa paternidade \u00e9 um v\u00ednculo forte com seus filhos.\u201d<\/strong><\/p>\n<p data-start=\"309\" data-end=\"344\">E ele estava absolutamente certo.<\/p>\n<p data-start=\"346\" data-end=\"511\">Um v\u00ednculo s\u00f3lido entre pais e filhos <strong data-start=\"384\" data-end=\"508\">fortalece o respeito m\u00fatuo, melhora a comunica\u00e7\u00e3o e impacta diretamente no desenvolvimento emocional e social da crian\u00e7a<\/strong>.<\/p>\n<p data-start=\"513\" data-end=\"628\">Mas voc\u00ea j\u00e1 parou para pensar que certos h\u00e1bitos podem estar <strong data-start=\"574\" data-end=\"626\">enfraquecendo essa conex\u00e3o sem que voc\u00ea perceba?<\/strong><\/p>\n<p data-start=\"630\" data-end=\"652\">Aqui est\u00e1 a quest\u00e3o:<\/p>\n<p data-start=\"654\" data-end=\"791\">\ud83d\udccc <strong data-start=\"657\" data-end=\"789\">Mesmo os pais mais bem-intencionados podem, sem querer, adotar comportamentos que criam uma dist\u00e2ncia emocional com seus filhos.<\/strong><\/p>\n<p data-start=\"793\" data-end=\"869\">Isso acontece de forma sutil e, muitas vezes, <strong data-start=\"839\" data-end=\"866\">sem que nos demos conta<\/strong>.<\/p>\n<p data-start=\"871\" data-end=\"982\">Se voc\u00ea j\u00e1 se perguntou: <strong data-start=\"896\" data-end=\"954\">&#8220;Como posso fortalecer minha rela\u00e7\u00e3o com meus filhos?&#8221;<\/strong>, este artigo \u00e9 para voc\u00ea.<\/p>\n<p data-start=\"984\" data-end=\"1106\">Aqui est\u00e3o <strong data-start=\"995\" data-end=\"1103\">7 h\u00e1bitos aparentemente inofensivos, mas que podem, com o tempo, desgastar o v\u00ednculo entre pais e filhos<\/strong>.<\/p>\n<p data-start=\"1108\" data-end=\"1180\">\ud83d\udccc <strong data-start=\"1111\" data-end=\"1178\">Lembre-se: a autoconsci\u00eancia \u00e9 o primeiro passo para a mudan\u00e7a.<\/strong><\/p>\n<p data-start=\"1182\" data-end=\"1200\">Ent\u00e3o, vamos l\u00e1.<\/p>\n<h2 data-start=\"1207\" data-end=\"1236\">1) N\u00e3o ouvir ativamente<\/h2>\n<p data-start=\"1238\" data-end=\"1347\">\ud83d\udccc <strong data-start=\"1241\" data-end=\"1345\">Voc\u00ea j\u00e1 se pegou acenando com a cabe\u00e7a enquanto seu filho falava, mas sem realmente prestar aten\u00e7\u00e3o?<\/strong><\/p>\n<p data-start=\"1349\" data-end=\"1379\">Isso acontece com todos n\u00f3s.<\/p>\n<p data-start=\"1381\" data-end=\"1475\">No meio da correria do dia a dia, \u00e9 f\u00e1cil cair no h\u00e1bito de <strong data-start=\"1441\" data-end=\"1472\">ouvir sem realmente escutar<\/strong>.<\/p>\n<p data-start=\"1477\" data-end=\"1504\">Mas aqui est\u00e1 o problema:<\/p>\n<p data-start=\"1506\" data-end=\"1638\">\ud83d\udccc <strong data-start=\"1509\" data-end=\"1636\">Quando n\u00e3o ouvimos nossos filhos de verdade, passamos a mensagem de que seus pensamentos e sentimentos n\u00e3o s\u00e3o importantes.<\/strong><\/p>\n<p data-start=\"1640\" data-end=\"1704\">Com o tempo, isso pode criar uma lacuna emocional entre voc\u00eas.<\/p>\n<p data-start=\"1706\" data-end=\"1726\">\u2705 <strong data-start=\"1708\" data-end=\"1724\">O que fazer?<\/strong><\/p>\n<ul data-start=\"1727\" data-end=\"1888\">\n<li data-start=\"1727\" data-end=\"1781\">D\u00ea aten\u00e7\u00e3o total quando seu filho estiver falando.<\/li>\n<li data-start=\"1782\" data-end=\"1836\">Fa\u00e7a contato visual e demonstre interesse genu\u00edno.<\/li>\n<li data-start=\"1837\" data-end=\"1888\">Responda de forma que mostre que voc\u00ea entendeu.<\/li>\n<\/ul>\n<p data-start=\"1890\" data-end=\"1962\">\ud83d\udccc <strong data-start=\"1893\" data-end=\"1960\">Ouvir ativamente n\u00e3o significa apenas escutar, mas compreender.<\/strong><\/p>\n<p data-start=\"1964\" data-end=\"2025\">E isso faz toda a diferen\u00e7a no v\u00ednculo entre pais e filhos.<\/p>\n<h2 data-start=\"2032\" data-end=\"2081\">2) Usar dispositivos eletr\u00f4nicos em excesso<\/h2>\n<p data-start=\"2083\" data-end=\"2177\">\ud83d\udccc <strong data-start=\"2086\" data-end=\"2175\">J\u00e1 percebeu como estamos sempre conectados, mas muitas vezes ausentes emocionalmente?<\/strong><\/p>\n<p data-start=\"2179\" data-end=\"2210\">Eu mesmo j\u00e1 cometi esse erro.<\/p>\n<p data-start=\"2212\" data-end=\"2316\">\ud83d\udccc <strong data-start=\"2215\" data-end=\"2314\">Minha filha me disse um dia: &#8220;Papai, voc\u00ea sempre est\u00e1 no celular, mesmo quando estamos juntos.&#8221;<\/strong><\/p>\n<p data-start=\"2318\" data-end=\"2355\">Isso foi um grande alerta para mim.<\/p>\n<p data-start=\"2357\" data-end=\"2425\">Estamos na era digital, onde telas fazem parte do nosso cotidiano.<\/p>\n<p data-start=\"2427\" data-end=\"2558\">Mas o que muitas vezes esquecemos \u00e9 que <strong data-start=\"2467\" data-end=\"2555\">o uso excessivo de dispositivos pode nos desconectar emocionalmente de nossos filhos<\/strong>.<\/p>\n<p data-start=\"2560\" data-end=\"2675\">\ud83d\udccc <strong data-start=\"2563\" data-end=\"2673\">Quando estamos sempre olhando para uma tela, nossos filhos podem se sentir ignorados ou menos importantes.<\/strong><\/p>\n<p data-start=\"2677\" data-end=\"2790\">Depois do coment\u00e1rio da minha filha, tomei a decis\u00e3o de <strong data-start=\"2733\" data-end=\"2787\">reduzir meu tempo de tela quando estivesse com ela<\/strong>.<\/p>\n<p data-start=\"2792\" data-end=\"2849\">O resultado? Nossa rela\u00e7\u00e3o melhorou significativamente.<\/p>\n<p data-start=\"2851\" data-end=\"2871\">\u2705 <strong data-start=\"2853\" data-end=\"2869\">O que fazer?<\/strong><\/p>\n<ul data-start=\"2872\" data-end=\"3046\">\n<li data-start=\"2872\" data-end=\"2935\">Defina momentos livres de telas, como durante as refei\u00e7\u00f5es.<\/li>\n<li data-start=\"2936\" data-end=\"2998\">Guarde o celular quando estiver conversando com seu filho.<\/li>\n<li data-start=\"2999\" data-end=\"3046\">Esteja verdadeiramente presente no momento.<\/li>\n<\/ul>\n<p data-start=\"3048\" data-end=\"3158\">\ud83d\udccc <strong data-start=\"3051\" data-end=\"3156\">Seus filhos v\u00e3o lembrar dos momentos que voc\u00eas passaram juntos, n\u00e3o das notifica\u00e7\u00f5es que voc\u00ea checou.<\/strong><\/p>\n<h2 data-start=\"3165\" data-end=\"3214\">3) Ser inconsistente com regras e promessas<\/h2>\n<p data-start=\"3216\" data-end=\"3337\">\ud83d\udccc <strong data-start=\"3219\" data-end=\"3335\">J\u00e1 disse ao seu filho que ele precisa dormir cedo, mas no dia seguinte deixou ele ficar acordado at\u00e9 mais tarde?<\/strong><\/p>\n<p data-start=\"3339\" data-end=\"3439\">Ou talvez voc\u00ea tenha prometido lev\u00e1-lo ao parque, mas cancelou no \u00faltimo minuto por estar cansado?<\/p>\n<p data-start=\"3441\" data-end=\"3530\">\ud83d\udccc <strong data-start=\"3444\" data-end=\"3528\">A inconsist\u00eancia pode confundir as crian\u00e7as e fazer com que se sintam inseguras.<\/strong><\/p>\n<p data-start=\"3532\" data-end=\"3627\">As crian\u00e7as <strong data-start=\"3544\" data-end=\"3590\">precisam de previsibilidade e estabilidade<\/strong> para se sentirem seguras e amadas.<\/p>\n<p data-start=\"3629\" data-end=\"3741\">Quando as regras e promessas mudam constantemente, elas podem come\u00e7ar a sentir que n\u00e3o podem confiar nos pais.<\/p>\n<p data-start=\"3743\" data-end=\"3763\">\u2705 <strong data-start=\"3745\" data-end=\"3761\">O que fazer?<\/strong><\/p>\n<ul data-start=\"3764\" data-end=\"3901\">\n<li data-start=\"3764\" data-end=\"3804\">Seja firme e coerente com as regras.<\/li>\n<li data-start=\"3805\" data-end=\"3851\">Se precisar mudar algo, explique o motivo.<\/li>\n<li data-start=\"3852\" data-end=\"3901\">Evite prometer coisas que n\u00e3o poder\u00e1 cumprir.<\/li>\n<\/ul>\n<p data-start=\"3903\" data-end=\"3949\">\ud83d\udccc <strong data-start=\"3906\" data-end=\"3947\">A consist\u00eancia fortalece a confian\u00e7a.<\/strong><\/p>\n<p data-start=\"3951\" data-end=\"4014\">E confian\u00e7a \u00e9 a base de um v\u00ednculo forte entre pais e filhos.<\/p>\n<h2 data-start=\"4021\" data-end=\"4072\">4) N\u00e3o respeitar a individualidade da crian\u00e7a<\/h2>\n<p data-start=\"4074\" data-end=\"4153\">Cada crian\u00e7a \u00e9 \u00fanica, com seus pr\u00f3prios interesses, talentos e personalidade.<\/p>\n<p data-start=\"4155\" data-end=\"4259\">Mas, como pais, \u00e0s vezes ca\u00edmos na armadilha de <strong data-start=\"4203\" data-end=\"4256\">compar\u00e1-los com irm\u00e3os, primos ou outras crian\u00e7as<\/strong>.<\/p>\n<p data-start=\"4261\" data-end=\"4403\">\ud83d\udccc <strong data-start=\"4264\" data-end=\"4401\">Tentar moldar seu filho \u00e0 sua pr\u00f3pria imagem ou de acordo com suas expectativas pode prejudicar sua autoestima e criar ressentimento.<\/strong><\/p>\n<p data-start=\"4405\" data-end=\"4528\">Eu j\u00e1 cometi esse erro antes, tentando incentivar meu filho a gostar das mesmas coisas que eu gostava quando era crian\u00e7a.<\/p>\n<p data-start=\"4530\" data-end=\"4613\">Mas ent\u00e3o percebi que <strong data-start=\"4552\" data-end=\"4611\">o importante era apoiar as paix\u00f5es dele, n\u00e3o as minhas.<\/strong><\/p>\n<p data-start=\"4615\" data-end=\"4635\">\u2705 <strong data-start=\"4617\" data-end=\"4633\">O que fazer?<\/strong><\/p>\n<ul data-start=\"4636\" data-end=\"4818\">\n<li data-start=\"4636\" data-end=\"4716\">Aceite seu filho pelo que ele \u00e9, e n\u00e3o pelo que voc\u00ea gostaria que ele fosse.<\/li>\n<li data-start=\"4717\" data-end=\"4770\">Incentive seus interesses e talentos individuais.<\/li>\n<li data-start=\"4771\" data-end=\"4818\">Respeite suas escolhas sempre que poss\u00edvel.<\/li>\n<\/ul>\n<p data-start=\"4820\" data-end=\"4942\">\ud83d\udccc <strong data-start=\"4823\" data-end=\"4940\">Quando uma crian\u00e7a se sente valorizada por quem ela realmente \u00e9, o v\u00ednculo com os pais se fortalece naturalmente.<\/strong><\/p>\n<h2 data-start=\"4949\" data-end=\"4982\">5) N\u00e3o elogiar o suficiente<\/h2>\n<p data-start=\"4984\" data-end=\"5075\">\ud83d\udccc <strong data-start=\"4987\" data-end=\"5073\">As crian\u00e7as, assim como os adultos, precisam de reconhecimento e refor\u00e7o positivo.<\/strong><\/p>\n<p data-start=\"5077\" data-end=\"5180\">Estudos mostram que <strong data-start=\"5097\" data-end=\"5177\">o elogio pode impactar diretamente o comportamento e a autoestima da crian\u00e7a<\/strong>.<\/p>\n<p data-start=\"5182\" data-end=\"5282\">Mas, na correria do dia a dia, \u00e9 f\u00e1cil <strong data-start=\"5221\" data-end=\"5279\">focar mais no que est\u00e1 errado do que no que est\u00e1 certo<\/strong>.<\/p>\n<p data-start=\"5284\" data-end=\"5420\">Se estamos sempre corrigindo e disciplinando, mas raramente elogiando, nossos filhos podem sentir que <strong data-start=\"5386\" data-end=\"5417\">nunca s\u00e3o bons o suficiente<\/strong>.<\/p>\n<p data-start=\"5422\" data-end=\"5442\">\u2705 <strong data-start=\"5424\" data-end=\"5440\">O que fazer?<\/strong><\/p>\n<ul data-start=\"5443\" data-end=\"5673\">\n<li data-start=\"5443\" data-end=\"5475\">Celebre pequenas conquistas.<\/li>\n<li data-start=\"5476\" data-end=\"5521\">Elogie o esfor\u00e7o, n\u00e3o apenas o resultado.<\/li>\n<li data-start=\"5522\" data-end=\"5673\">Diga frases como:\n<ul data-start=\"5546\" data-end=\"5673\">\n<li data-start=\"5546\" data-end=\"5586\"><strong data-start=\"5548\" data-end=\"5584\">&#8220;Estou muito orgulhoso de voc\u00ea!&#8221;<\/strong><\/li>\n<li data-start=\"5589\" data-end=\"5638\"><strong data-start=\"5591\" data-end=\"5636\">&#8220;Adorei o jeito que voc\u00ea lidou com isso!&#8221;<\/strong><\/li>\n<li data-start=\"5641\" data-end=\"5673\"><strong data-start=\"5643\" data-end=\"5671\">&#8220;Parab\u00e9ns pelo esfor\u00e7o!&#8221;<\/strong><\/li>\n<\/ul>\n<\/li>\n<\/ul>\n<p data-start=\"5675\" data-end=\"5787\">\ud83d\udccc <strong data-start=\"5678\" data-end=\"5785\">Elogios sinceros podem fortalecer o v\u00ednculo entre pais e filhos mais do que qualquer presente material.<\/strong><\/p>\n<h2 data-start=\"5794\" data-end=\"5833\">6) Invalidar os sentimentos deles<\/h2>\n<p data-start=\"5835\" data-end=\"5983\">\ud83d\udccc <strong data-start=\"5838\" data-end=\"5981\">Se seu filho est\u00e1 chorando porque n\u00e3o pode comer doce antes do jantar, sua primeira rea\u00e7\u00e3o pode ser dizer: &#8220;Isso n\u00e3o \u00e9 motivo para chorar.&#8221;<\/strong><\/p>\n<p data-start=\"5985\" data-end=\"6003\">Mas pense nisso:<\/p>\n<p data-start=\"6005\" data-end=\"6078\">\ud83d\udccc <strong data-start=\"6008\" data-end=\"6076\">O que parece pequeno para voc\u00ea pode ser enorme para uma crian\u00e7a.<\/strong><\/p>\n<p data-start=\"6080\" data-end=\"6187\">Quando minimizamos os sentimentos deles, sem querer, estamos ensinando que <strong data-start=\"6155\" data-end=\"6184\">suas emo\u00e7\u00f5es n\u00e3o importam<\/strong>.<\/p>\n<p data-start=\"6189\" data-end=\"6275\">Com o tempo, isso pode levar \u00e0 falta de comunica\u00e7\u00e3o e a um distanciamento emocional.<\/p>\n<p data-start=\"6277\" data-end=\"6297\">\u2705 <strong data-start=\"6279\" data-end=\"6295\">O que fazer?<\/strong><\/p>\n<ul data-start=\"6298\" data-end=\"6481\">\n<li data-start=\"6298\" data-end=\"6348\">Em vez de descartar os sentimentos, valide-os.<\/li>\n<li data-start=\"6349\" data-end=\"6481\">Use frases como:\n<ul data-start=\"6372\" data-end=\"6481\">\n<li data-start=\"6372\" data-end=\"6419\"><strong data-start=\"6374\" data-end=\"6417\">&#8220;Eu entendo que isso te deixou triste.&#8221;<\/strong><\/li>\n<li data-start=\"6422\" data-end=\"6481\"><strong data-start=\"6424\" data-end=\"6479\">&#8220;Imagino que isso tenha sido frustrante para voc\u00ea.&#8221;<\/strong><\/li>\n<\/ul>\n<\/li>\n<\/ul>\n<p data-start=\"6483\" data-end=\"6542\">\ud83d\udccc <strong data-start=\"6486\" data-end=\"6540\">A empatia fortalece a conex\u00e3o entre pais e filhos.<\/strong><\/p>\n<h2 data-start=\"6549\" data-end=\"6594\">7) N\u00e3o passar tempo de qualidade juntos<\/h2>\n<p data-start=\"6596\" data-end=\"6673\">No fim das contas, <strong data-start=\"6615\" data-end=\"6670\">nada substitui o tempo que voc\u00ea passa com seu filho<\/strong>.<\/p>\n<p data-start=\"6675\" data-end=\"6800\">No mundo acelerado em que vivemos, \u00e9 f\u00e1cil nos perdermos no trabalho, nas tarefas dom\u00e9sticas e em outras responsabilidades.<\/p>\n<p data-start=\"6802\" data-end=\"6910\">\ud83d\udccc <strong data-start=\"6805\" data-end=\"6908\">Mas, se n\u00e3o tomarmos cuidado, podemos acabar negligenciando o tempo de qualidade com nossos filhos.<\/strong><\/p>\n<p data-start=\"6912\" data-end=\"6966\">E isso pode enfraquecer o v\u00ednculo ao longo do tempo.<\/p>\n<p data-start=\"6968\" data-end=\"6988\">\u2705 <strong data-start=\"6970\" data-end=\"6986\">O que fazer?<\/strong><\/p>\n<ul data-start=\"6989\" data-end=\"7192\">\n<li data-start=\"6989\" data-end=\"7052\">Reserve momentos di\u00e1rios para estar presente com seu filho.<\/li>\n<li data-start=\"7053\" data-end=\"7132\">Fa\u00e7a algo divertido juntos, como cozinhar, jogar ou simplesmente conversar.<\/li>\n<li data-start=\"7133\" data-end=\"7192\">Priorize a qualidade do tempo, n\u00e3o apenas a quantidade.<\/li>\n<\/ul>\n<p data-start=\"7194\" data-end=\"7253\">\ud83d\udccc <strong data-start=\"7197\" data-end=\"7251\">As crian\u00e7as crescem r\u00e1pido. Valorize cada momento.<\/strong><\/p>\n<h2 data-start=\"7260\" data-end=\"7284\">Reflex\u00e3o final<\/h2>\n<p data-start=\"7286\" data-end=\"7361\">Se voc\u00ea se identificou com algum desses h\u00e1bitos, <strong data-start=\"7335\" data-end=\"7358\">n\u00e3o se cobre demais<\/strong>.<\/p>\n<p data-start=\"7363\" data-end=\"7443\">\ud83d\udccc <strong data-start=\"7366\" data-end=\"7441\">A paternidade n\u00e3o \u00e9 um destino, \u00e9 uma jornada de aprendizado constante.<\/strong><\/p>\n<p data-start=\"7445\" data-end=\"7529\">E o fato de voc\u00ea estar lendo isso <strong data-start=\"7479\" data-end=\"7526\">j\u00e1 mostra sua vontade de crescer e melhorar<\/strong>.<\/p>\n<p data-start=\"7531\" data-end=\"7581\">O primeiro passo para mudar \u00e9 <strong data-start=\"7561\" data-end=\"7578\">a consci\u00eancia<\/strong>.<\/p>\n<p data-start=\"7583\" data-end=\"7790\">Ent\u00e3o pergunte-se:<br data-start=\"7601\" data-end=\"7604\" \/>\u2705 <strong data-start=\"7606\" data-end=\"7664\">Estou realmente presente quando estou com meus filhos?<\/strong><br data-start=\"7664\" data-end=\"7667\" \/>\u2705 <strong data-start=\"7669\" data-end=\"7726\">Estou sendo consistente e cumprindo minhas promessas?<\/strong><br data-start=\"7726\" data-end=\"7729\" \/>\u2705 <strong data-start=\"7731\" data-end=\"7788\">Estou valorizando seus sentimentos e individualidade?<\/strong><\/p>\n<p data-start=\"7792\" data-end=\"7837\">A mudan\u00e7a n\u00e3o acontece da noite para o dia.<\/p>\n<p data-start=\"7839\" data-end=\"7916\">Mas <strong data-start=\"7843\" data-end=\"7913\">cada pequeno passo que voc\u00ea d\u00e1 fortalece o v\u00ednculo com seus filhos<\/strong>.<\/p>\n<p data-start=\"7918\" data-end=\"7960\">Ent\u00e3o, reflita, ajuste e siga em frente.<\/p>\n<p data-start=\"7962\" data-end=\"8034\" data-is-last-node=\"\" data-is-only-node=\"\">\ud83d\udccc <strong data-start=\"7965\" data-end=\"8031\">Nunca \u00e9 tarde para se tornar o pai ou m\u00e3e que voc\u00ea deseja ser.<\/strong><\/p>\n","protected":false},"excerpt":{"rendered":"<p>Meu pai sempre dizia: \ud83d\udccc \u201cA base de uma boa paternidade \u00e9 um v\u00ednculo forte com seus filhos.\u201d E ele estava absolutamente certo. Um v\u00ednculo s\u00f3lido entre pais e filhos fortalece o respeito m\u00fatuo, melhora a comunica\u00e7\u00e3o e impacta diretamente no desenvolvimento emocional e social da crian\u00e7a. Mas voc\u00ea j\u00e1 parou para pensar que certos [&hellip;]<\/p>\n","protected":false},"author":15933,"featured_media":344573,"comment_status":"closed","ping_status":"closed","sticky":false,"template":"","format":"standard","meta":{"_acf_changed":false,"inline_featured_image":false,"footnotes":""},"categories":[23250],"tags":[],"class_list":["post-345123","post","type-post","status-publish","format-standard","has-post-thumbnail","hentry","category-nao-categorizado"],"acf":[],"yoast_head":"<!-- This site is optimized with the Yoast SEO plugin v18.8 - https:\/\/yoast.com\/wordpress\/plugins\/seo\/ -->\n<title>7 pequenos h\u00e1bitos que enfraquecem seu v\u00ednculo com seus filhos ao longo do tempo<\/title>\n<meta name=\"robots\" content=\"index, follow, max-snippet:-1, max-image-preview:large, max-video-preview:-1\" \/>\n<link rel=\"canonical\" href=\"https:\/\/newsreports.com\/pt-br\/7-pequenos-habitos-que-enfraquecem-seu-vinculo-com-seus-filhos-ao-longo-do-tempo\/\" \/>\n<meta property=\"og:locale\" content=\"pt_BR\" \/>\n<meta property=\"og:type\" content=\"article\" \/>\n<meta property=\"og:title\" content=\"7 pequenos h\u00e1bitos que enfraquecem seu v\u00ednculo com seus filhos ao longo do tempo\" \/>\n<meta property=\"og:description\" content=\"Meu pai sempre dizia: \ud83d\udccc \u201cA base de uma boa paternidade \u00e9 um v\u00ednculo forte com seus filhos.\u201d E ele estava absolutamente certo. Um v\u00ednculo s\u00f3lido entre pais e filhos fortalece o respeito m\u00fatuo, melhora a comunica\u00e7\u00e3o e impacta diretamente no desenvolvimento emocional e social da crian\u00e7a. Mas voc\u00ea j\u00e1 parou para pensar que certos [&hellip;]\" \/>\n<meta property=\"og:url\" content=\"https:\/\/newsreports.com\/pt-br\/7-pequenos-habitos-que-enfraquecem-seu-vinculo-com-seus-filhos-ao-longo-do-tempo\/\" \/>\n<meta property=\"og:site_name\" content=\"NewsReports\" \/>\n<meta property=\"article:published_time\" content=\"2025-03-12T05:00:17+00:00\" \/>\n<meta property=\"article:modified_time\" content=\"2025-03-12T06:27:41+00:00\" \/>\n<meta property=\"og:image\" content=\"https:\/\/newsreports.com\/wp-content\/uploads\/2025\/03\/small-habits-that-weaken-your-bond-with-your-children-over-time-1024x538.png\" \/>\n\t<meta property=\"og:image:width\" content=\"1024\" \/>\n\t<meta property=\"og:image:height\" content=\"538\" \/>\n\t<meta property=\"og:image:type\" content=\"image\/png\" \/>\n<meta name=\"twitter:card\" content=\"summary_large_image\" \/>\n<meta name=\"twitter:label1\" content=\"Escrito por\" \/>\n\t<meta name=\"twitter:data1\" content=\"Nathaniel Foster\" \/>\n\t<meta name=\"twitter:label2\" content=\"Est. tempo de leitura\" \/>\n\t<meta name=\"twitter:data2\" content=\"6 minutos\" \/>\n<script type=\"application\/ld+json\" class=\"yoast-schema-graph\">{\"@context\":\"https:\/\/schema.org\",\"@graph\":[{\"@type\":\"WebSite\",\"@id\":\"https:\/\/newsreports.com\/pt-br\/#website\",\"url\":\"https:\/\/newsreports.com\/pt-br\/\",\"name\":\"NewsReports\",\"description\":\"- Apps News, Trends, and More\",\"potentialAction\":[{\"@type\":\"SearchAction\",\"target\":{\"@type\":\"EntryPoint\",\"urlTemplate\":\"https:\/\/newsreports.com\/pt-br\/?s={search_term_string}\"},\"query-input\":\"required name=search_term_string\"}],\"inLanguage\":\"pt-BR\"},{\"@type\":\"ImageObject\",\"inLanguage\":\"pt-BR\",\"@id\":\"https:\/\/newsreports.com\/pt-br\/7-pequenos-habitos-que-enfraquecem-seu-vinculo-com-seus-filhos-ao-longo-do-tempo\/#primaryimage\",\"url\":\"https:\/\/newsreports.com\/wp-content\/uploads\/2025\/03\/small-habits-that-weaken-your-bond-with-your-children-over-time.png\",\"contentUrl\":\"https:\/\/newsreports.com\/wp-content\/uploads\/2025\/03\/small-habits-that-weaken-your-bond-with-your-children-over-time.png\",\"width\":1600,\"height\":840},{\"@type\":\"WebPage\",\"@id\":\"https:\/\/newsreports.com\/pt-br\/7-pequenos-habitos-que-enfraquecem-seu-vinculo-com-seus-filhos-ao-longo-do-tempo\/#webpage\",\"url\":\"https:\/\/newsreports.com\/pt-br\/7-pequenos-habitos-que-enfraquecem-seu-vinculo-com-seus-filhos-ao-longo-do-tempo\/\",\"name\":\"7 pequenos h\u00e1bitos que enfraquecem seu v\u00ednculo com seus filhos ao longo do tempo\",\"isPartOf\":{\"@id\":\"https:\/\/newsreports.com\/pt-br\/#website\"},\"primaryImageOfPage\":{\"@id\":\"https:\/\/newsreports.com\/pt-br\/7-pequenos-habitos-que-enfraquecem-seu-vinculo-com-seus-filhos-ao-longo-do-tempo\/#primaryimage\"},\"datePublished\":\"2025-03-12T05:00:17+00:00\",\"dateModified\":\"2025-03-12T06:27:41+00:00\",\"author\":{\"@id\":\"https:\/\/newsreports.com\/pt-br\/#\/schema\/person\/5f9a9abd44f7000205a522770fef93ad\"},\"breadcrumb\":{\"@id\":\"https:\/\/newsreports.com\/pt-br\/7-pequenos-habitos-que-enfraquecem-seu-vinculo-com-seus-filhos-ao-longo-do-tempo\/#breadcrumb\"},\"inLanguage\":\"pt-BR\",\"potentialAction\":[{\"@type\":\"ReadAction\",\"target\":[\"https:\/\/newsreports.com\/pt-br\/7-pequenos-habitos-que-enfraquecem-seu-vinculo-com-seus-filhos-ao-longo-do-tempo\/\"]}]},{\"@type\":\"BreadcrumbList\",\"@id\":\"https:\/\/newsreports.com\/pt-br\/7-pequenos-habitos-que-enfraquecem-seu-vinculo-com-seus-filhos-ao-longo-do-tempo\/#breadcrumb\",\"itemListElement\":[{\"@type\":\"ListItem\",\"position\":1,\"name\":\"Home\",\"item\":\"https:\/\/newsreports.com\/pt-br\/inicio\/\"},{\"@type\":\"ListItem\",\"position\":2,\"name\":\"7 pequenos h\u00e1bitos que enfraquecem seu v\u00ednculo com seus filhos ao longo do tempo\"}]},{\"@type\":\"Person\",\"@id\":\"https:\/\/newsreports.com\/pt-br\/#\/schema\/person\/5f9a9abd44f7000205a522770fef93ad\",\"name\":\"Nathaniel Foster\",\"image\":{\"@type\":\"ImageObject\",\"inLanguage\":\"pt-BR\",\"@id\":\"https:\/\/newsreports.com\/pt-br\/#\/schema\/person\/image\/\",\"url\":\"https:\/\/newsreports.com\/wp-content\/uploads\/2025\/01\/cropped-Nathaniel-Foster-96x96.png\",\"contentUrl\":\"https:\/\/newsreports.com\/wp-content\/uploads\/2025\/01\/cropped-Nathaniel-Foster-96x96.png\",\"caption\":\"Nathaniel Foster\"},\"description\":\"Nathaniel Foster isn\u2019t interested in clickbait\u2014he\u2019s interested in what really matters. Drawing from his background in journalism and behavioral psychology, he examines how media, politics, and culture shape public perception. His work aims to challenge assumptions, spark conversations, and help readers think critically about the world around them.\",\"url\":\"https:\/\/newsreports.com\/pt-br\/author\/nathanielfoster\/\"}]}<\/script>\n<!-- \/ Yoast SEO plugin. -->","yoast_head_json":{"title":"7 pequenos h\u00e1bitos que enfraquecem seu v\u00ednculo com seus filhos ao longo do tempo","robots":{"index":"index","follow":"follow","max-snippet":"max-snippet:-1","max-image-preview":"max-image-preview:large","max-video-preview":"max-video-preview:-1"},"canonical":"https:\/\/newsreports.com\/pt-br\/7-pequenos-habitos-que-enfraquecem-seu-vinculo-com-seus-filhos-ao-longo-do-tempo\/","og_locale":"pt_BR","og_type":"article","og_title":"7 pequenos h\u00e1bitos que enfraquecem seu v\u00ednculo com seus filhos ao longo do tempo","og_description":"Meu pai sempre dizia: \ud83d\udccc \u201cA base de uma boa paternidade \u00e9 um v\u00ednculo forte com seus filhos.\u201d E ele estava absolutamente certo. Um v\u00ednculo s\u00f3lido entre pais e filhos fortalece o respeito m\u00fatuo, melhora a comunica\u00e7\u00e3o e impacta diretamente no desenvolvimento emocional e social da crian\u00e7a. Mas voc\u00ea j\u00e1 parou para pensar que certos [&hellip;]","og_url":"https:\/\/newsreports.com\/pt-br\/7-pequenos-habitos-que-enfraquecem-seu-vinculo-com-seus-filhos-ao-longo-do-tempo\/","og_site_name":"NewsReports","article_published_time":"2025-03-12T05:00:17+00:00","article_modified_time":"2025-03-12T06:27:41+00:00","og_image":[{"width":1024,"height":538,"url":"https:\/\/newsreports.com\/wp-content\/uploads\/2025\/03\/small-habits-that-weaken-your-bond-with-your-children-over-time-1024x538.png","type":"image\/png"}],"twitter_card":"summary_large_image","twitter_misc":{"Escrito por":"Nathaniel Foster","Est. tempo de leitura":"6 minutos"},"schema":{"@context":"https:\/\/schema.org","@graph":[{"@type":"WebSite","@id":"https:\/\/newsreports.com\/pt-br\/#website","url":"https:\/\/newsreports.com\/pt-br\/","name":"NewsReports","description":"- Apps News, Trends, and More","potentialAction":[{"@type":"SearchAction","target":{"@type":"EntryPoint","urlTemplate":"https:\/\/newsreports.com\/pt-br\/?s={search_term_string}"},"query-input":"required name=search_term_string"}],"inLanguage":"pt-BR"},{"@type":"ImageObject","inLanguage":"pt-BR","@id":"https:\/\/newsreports.com\/pt-br\/7-pequenos-habitos-que-enfraquecem-seu-vinculo-com-seus-filhos-ao-longo-do-tempo\/#primaryimage","url":"https:\/\/newsreports.com\/wp-content\/uploads\/2025\/03\/small-habits-that-weaken-your-bond-with-your-children-over-time.png","contentUrl":"https:\/\/newsreports.com\/wp-content\/uploads\/2025\/03\/small-habits-that-weaken-your-bond-with-your-children-over-time.png","width":1600,"height":840},{"@type":"WebPage","@id":"https:\/\/newsreports.com\/pt-br\/7-pequenos-habitos-que-enfraquecem-seu-vinculo-com-seus-filhos-ao-longo-do-tempo\/#webpage","url":"https:\/\/newsreports.com\/pt-br\/7-pequenos-habitos-que-enfraquecem-seu-vinculo-com-seus-filhos-ao-longo-do-tempo\/","name":"7 pequenos h\u00e1bitos que enfraquecem seu v\u00ednculo com seus filhos ao longo do tempo","isPartOf":{"@id":"https:\/\/newsreports.com\/pt-br\/#website"},"primaryImageOfPage":{"@id":"https:\/\/newsreports.com\/pt-br\/7-pequenos-habitos-que-enfraquecem-seu-vinculo-com-seus-filhos-ao-longo-do-tempo\/#primaryimage"},"datePublished":"2025-03-12T05:00:17+00:00","dateModified":"2025-03-12T06:27:41+00:00","author":{"@id":"https:\/\/newsreports.com\/pt-br\/#\/schema\/person\/5f9a9abd44f7000205a522770fef93ad"},"breadcrumb":{"@id":"https:\/\/newsreports.com\/pt-br\/7-pequenos-habitos-que-enfraquecem-seu-vinculo-com-seus-filhos-ao-longo-do-tempo\/#breadcrumb"},"inLanguage":"pt-BR","potentialAction":[{"@type":"ReadAction","target":["https:\/\/newsreports.com\/pt-br\/7-pequenos-habitos-que-enfraquecem-seu-vinculo-com-seus-filhos-ao-longo-do-tempo\/"]}]},{"@type":"BreadcrumbList","@id":"https:\/\/newsreports.com\/pt-br\/7-pequenos-habitos-que-enfraquecem-seu-vinculo-com-seus-filhos-ao-longo-do-tempo\/#breadcrumb","itemListElement":[{"@type":"ListItem","position":1,"name":"Home","item":"https:\/\/newsreports.com\/pt-br\/inicio\/"},{"@type":"ListItem","position":2,"name":"7 pequenos h\u00e1bitos que enfraquecem seu v\u00ednculo com seus filhos ao longo do tempo"}]},{"@type":"Person","@id":"https:\/\/newsreports.com\/pt-br\/#\/schema\/person\/5f9a9abd44f7000205a522770fef93ad","name":"Nathaniel Foster","image":{"@type":"ImageObject","inLanguage":"pt-BR","@id":"https:\/\/newsreports.com\/pt-br\/#\/schema\/person\/image\/","url":"https:\/\/newsreports.com\/wp-content\/uploads\/2025\/01\/cropped-Nathaniel-Foster-96x96.png","contentUrl":"https:\/\/newsreports.com\/wp-content\/uploads\/2025\/01\/cropped-Nathaniel-Foster-96x96.png","caption":"Nathaniel Foster"},"description":"Nathaniel Foster isn\u2019t interested in clickbait\u2014he\u2019s interested in what really matters. Drawing from his background in journalism and behavioral psychology, he examines how media, politics, and culture shape public perception. His work aims to challenge assumptions, spark conversations, and help readers think critically about the world around them.","url":"https:\/\/newsreports.com\/pt-br\/author\/nathanielfoster\/"}]}},"_links":{"self":[{"href":"https:\/\/newsreports.com\/pt-br\/wp-json\/wp\/v2\/posts\/345123","targetHints":{"allow":["GET"]}}],"collection":[{"href":"https:\/\/newsreports.com\/pt-br\/wp-json\/wp\/v2\/posts"}],"about":[{"href":"https:\/\/newsreports.com\/pt-br\/wp-json\/wp\/v2\/types\/post"}],"author":[{"embeddable":true,"href":"https:\/\/newsreports.com\/pt-br\/wp-json\/wp\/v2\/users\/15933"}],"replies":[{"embeddable":true,"href":"https:\/\/newsreports.com\/pt-br\/wp-json\/wp\/v2\/comments?post=345123"}],"version-history":[{"count":1,"href":"https:\/\/newsreports.com\/pt-br\/wp-json\/wp\/v2\/posts\/345123\/revisions"}],"predecessor-version":[{"id":345124,"href":"https:\/\/newsreports.com\/pt-br\/wp-json\/wp\/v2\/posts\/345123\/revisions\/345124"}],"wp:featuredmedia":[{"embeddable":true,"href":"https:\/\/newsreports.com\/pt-br\/wp-json\/wp\/v2\/media\/344573"}],"wp:attachment":[{"href":"https:\/\/newsreports.com\/pt-br\/wp-json\/wp\/v2\/media?parent=345123"}],"wp:term":[{"taxonomy":"category","embeddable":true,"href":"https:\/\/newsreports.com\/pt-br\/wp-json\/wp\/v2\/categories?post=345123"},{"taxonomy":"post_tag","embeddable":true,"href":"https:\/\/newsreports.com\/pt-br\/wp-json\/wp\/v2\/tags?post=345123"}],"curies":[{"name":"wp","href":"https:\/\/api.w.org\/{rel}","templated":true}]}}