{"id":240521,"date":"2025-01-29T09:00:27","date_gmt":"2025-01-29T02:00:27","guid":{"rendered":"https:\/\/newsreports.com\/?p=240521"},"modified":"2025-01-29T14:46:34","modified_gmt":"2025-01-29T07:46:34","slug":"pessoas-que-tiveram-que-crescer-rapido-demais-geralmente-desenvolvem-esses-8-comportamentos-na-vida-adulta-sem-perceber","status":"publish","type":"post","link":"https:\/\/newsreports.com\/pt-br\/pessoas-que-tiveram-que-crescer-rapido-demais-geralmente-desenvolvem-esses-8-comportamentos-na-vida-adulta-sem-perceber\/","title":{"rendered":"Pessoas que tiveram que crescer r\u00e1pido demais geralmente desenvolvem esses 8 comportamentos na vida adulta (sem perceber)"},"content":{"rendered":"<p>Quando algu\u00e9m precisa amadurecer cedo demais, isso deixa marcas. Se tiveram que assumir responsabilidades de adulto ainda na inf\u00e2ncia, isso se reflete mais tarde.<\/p>\n<p>\u00c9 assim que a psique humana funciona.<\/p>\n<p>O curioso \u00e9 que muitas dessas pessoas nem percebem. Elas carregam certos comportamentos para a vida adulta sem reconhecer de onde eles v\u00eam.<\/p>\n<p>Neste artigo, vamos explorar esses 8 comportamentos comuns. Pessoas que tiveram que crescer r\u00e1pido demais geralmente desenvolvem essas caracter\u00edsticas \u2013 e muitas vezes nem sabem disso.<\/p>\n<h2>1) Autossufici\u00eancia<\/h2>\n<p>Se voc\u00ea precisou amadurecer r\u00e1pido, aprendeu a depender de si mesmo.<\/p>\n<p>A vida imp\u00f5e desafios e, muitas vezes, cabe apenas a voc\u00ea resolv\u00ea-los. N\u00e3o h\u00e1 o luxo de esperar que algu\u00e9m apare\u00e7a para salvar o dia. Voc\u00ea se tornou seu pr\u00f3prio her\u00f3i \u2013 e esse h\u00e1bito permanece.<\/p>\n<p>Na vida adulta, isso se manifesta de v\u00e1rias maneiras. Voc\u00ea assume a lideran\u00e7a no trabalho, sempre tem uma solu\u00e7\u00e3o para os problemas dos amigos e lida com as dificuldades sozinho.<\/p>\n<p>Carregar essa responsabilidade pode ser pesado, mas tamb\u00e9m \u00e9 um sinal da sua for\u00e7a. Voc\u00ea enfrentou o mundo de frente e saiu mais forte.<\/p>\n<p>Impressionante, n\u00e3o \u00e9?<\/p>\n<h2>2) Independ\u00eancia<\/h2>\n<p>Uma inf\u00e2ncia com responsabilidades adultas frequentemente leva a um forte senso de independ\u00eancia.<\/p>\n<p>Lembro que, aos 13 anos, eu j\u00e1 cuidava da casa enquanto meus pais trabalhavam o dia todo. Desde fazer compras at\u00e9 cozinhar, eu fazia tudo. Na \u00e9poca, era algo avassalador, mas me deu uma grande autossufici\u00eancia.<\/p>\n<p>Hoje, essa independ\u00eancia ainda \u00e9 uma parte essencial de quem sou. N\u00e3o se trata apenas de conseguir fazer as coisas sozinho \u2013 \u00e9 sobre sentir orgulho dessa capacidade. \u00c9 saber que, aconte\u00e7a o que acontecer, eu posso lidar com isso.<\/p>\n<p>Nem sempre \u00e9 f\u00e1cil, mas \u00e9 muito empoderador. E olhando para tr\u00e1s, n\u00e3o trocaria essa experi\u00eancia por nada.<\/p>\n<h2>3) Maturidade acima da m\u00e9dia<\/h2>\n<p>Quem cresce r\u00e1pido demais geralmente desenvolve uma maturidade emocional acima da m\u00e9dia.<\/p>\n<p>Desde cedo, essas pessoas tiveram que lidar com situa\u00e7\u00f5es que exigiam um n\u00edvel de responsabilidade muito maior do que o normal para sua idade.<\/p>\n<p>\u00c9 como ser jogado em uma piscina funda sem saber nadar \u2013 ou voc\u00ea afunda, ou aprende a nadar.<\/p>\n<p>Segundo psic\u00f3logos do desenvolvimento, crian\u00e7as que assumem pap\u00e9is adultos cedo tendem a amadurecer emocionalmente mais r\u00e1pido.<\/p>\n<p>Se voc\u00ea percebe que muitas vezes age como o \u201cadulto respons\u00e1vel\u201d em meio a pessoas da sua idade, pode ser porque j\u00e1 est\u00e1 acostumado com isso. Voc\u00ea j\u00e1 nada nesse oceano h\u00e1 muito tempo.<\/p>\n<p>E isso \u00e9 algo para se orgulhar.<\/p>\n<h2>4) Excesso de responsabilidade<\/h2>\n<p>Quem teve que assumir muitas responsabilidades desde cedo frequentemente carrega esse h\u00e1bito para a vida adulta.<\/p>\n<p>Se voc\u00ea cresceu cuidando da casa, dos irm\u00e3os ou trabalhando jovem, \u00e9 prov\u00e1vel que hoje sinta que precisa ser respons\u00e1vel por tudo.<\/p>\n<p>Isso pode levar a um sentimento constante de culpa ou obriga\u00e7\u00e3o, mesmo em situa\u00e7\u00f5es que n\u00e3o est\u00e3o sob seu controle.<\/p>\n<p>Por estar acostumado a ser a pessoa que resolve os problemas, voc\u00ea pode acabar assumindo cargas que nem s\u00e3o suas.<\/p>\n<p>Apesar de ser um tra\u00e7o que mostra comprometimento, \u00e9 importante lembrar que nem tudo depende de voc\u00ea. Voc\u00ea n\u00e3o precisa carregar o peso do mundo sozinho.<\/p>\n<h2>5) Dificuldade em confiar nos outros<\/h2>\n<p>Crescer r\u00e1pido demais pode tornar dif\u00edcil confiar nas pessoas.<\/p>\n<p>Eu sei disso por experi\u00eancia pr\u00f3pria. Quando voc\u00ea passa tanto tempo dependendo apenas de si mesmo, confiar nos outros pode parecer estranho \u2013 ou at\u00e9 assustador.<\/p>\n<p>Muitos de n\u00f3s que amadurecemos cedo sentimos um receio inconsciente de sermos decepcionados. Afinal, acostumamo-nos a lidar com tudo sozinhos.<\/p>\n<p>N\u00e3o \u00e9 f\u00e1cil mudar essa mentalidade, mas aos poucos aprendi que confiar em outras pessoas n\u00e3o me torna menos independente ou capaz.<\/p>\n<p>Pedir ajuda n\u00e3o \u00e9 fraqueza \u2013 \u00e9 um ato de coragem.<\/p>\n<h2>6) Resili\u00eancia inesperada<\/h2>\n<p>Pessoas que precisaram amadurecer cedo geralmente desenvolvem uma resili\u00eancia surpreendente.<\/p>\n<p>Parece contradit\u00f3rio \u2013 afinal, ter que lidar com responsabilidades adultas muito cedo pode ser desgastante. Mas, na pr\u00e1tica, isso muitas vezes fortalece a pessoa.<\/p>\n<p>Quem enfrentou desafios desde pequeno aprendeu a se adaptar e superar dificuldades.<\/p>\n<p>Essa resili\u00eancia \u00e9 como um m\u00fasculo que foi constantemente exercitado. O resultado? Uma for\u00e7a que permite lidar com as tempestades da vida com mais leveza.<\/p>\n<p>\u00c9 um tra\u00e7o que muitos n\u00e3o esperam, mas \u00e9 muito comum em quem cresceu r\u00e1pido demais.<\/p>\n<h2>7) Perfeccionismo<\/h2>\n<p>Quando voc\u00ea cresce r\u00e1pido demais, muitas vezes sente uma enorme press\u00e3o para fazer tudo certo.<\/p>\n<p>Talvez tenha sido cobrado para realizar tarefas adultas com perfei\u00e7\u00e3o desde pequeno \u2013 e isso pode ter criado um h\u00e1bito de perfeccionismo.<\/p>\n<p>Voc\u00ea estabelece padr\u00f5es elevados para si mesmo e se esfor\u00e7a ao m\u00e1ximo para garantir que tudo saia como deveria.<\/p>\n<p>Esse tra\u00e7o pode torn\u00e1-lo uma pessoa extremamente eficiente e atenta aos detalhes. Mas tamb\u00e9m \u00e9 essencial lembrar que errar faz parte do aprendizado.<\/p>\n<p>Ningu\u00e9m \u00e9 perfeito \u2013 e voc\u00ea n\u00e3o precisa ser.<\/p>\n<h2>8) Empatia profunda<\/h2>\n<p>Talvez a caracter\u00edstica mais marcante das pessoas que cresceram r\u00e1pido demais seja a empatia profunda.<\/p>\n<p>Ter enfrentado dificuldades adultas ainda jovem d\u00e1 uma perspectiva \u00fanica sobre a vida. Voc\u00ea sabe como \u00e9 passar por desafios e, por isso, consegue entender a dor dos outros com mais facilidade.<\/p>\n<p>Essa empatia \u00e9 um presente.<\/p>\n<p>Ela permite que voc\u00ea se conecte verdadeiramente com as pessoas, oferecendo conforto e compreens\u00e3o onde mais se precisa.<\/p>\n<p>\u00c9 uma prova da sua for\u00e7a e da sua capacidade de transformar experi\u00eancias dif\u00edceis em algo positivo.<\/p>\n<h2>Reflex\u00e3o final<\/h2>\n<p>Se voc\u00ea acompanhou essa jornada at\u00e9 aqui, espero que tenha ganhado uma compreens\u00e3o mais profunda sobre si mesmo ou sobre algu\u00e9m que voc\u00ea conhece.<\/p>\n<p>Crescer r\u00e1pido demais n\u00e3o significa perder a inf\u00e2ncia \u2013 significa desenvolver uma perspectiva \u00fanica e habilidades que tornam uma pessoa mais resiliente, emp\u00e1tica e independente.<\/p>\n<p>\u00c9 importante lembrar que nossas experi\u00eancias nos moldam, mas n\u00e3o nos definem.<\/p>\n<p>N\u00f3s evolu\u00edmos e nos adaptamos ao longo da vida.<\/p>\n<p>Se voc\u00ea teve que amadurecer cedo demais, saiba que seu passado ajudou a construir a pessoa incr\u00edvel que voc\u00ea \u00e9 hoje \u2013 mas ele n\u00e3o determina seu futuro.<\/p>\n<p>A vida \u00e9 uma jornada de constante crescimento e mudan\u00e7a.<\/p>\n<p>Abrace-a. Reflita sobre ela. Aprenda com ela.<\/p>\n","protected":false},"excerpt":{"rendered":"<p>Quando algu\u00e9m precisa amadurecer cedo demais, isso deixa marcas. Se tiveram que assumir responsabilidades de adulto ainda na inf\u00e2ncia, isso se reflete mais tarde. \u00c9 assim que a psique humana funciona. O curioso \u00e9 que muitas dessas pessoas nem percebem. Elas carregam certos comportamentos para a vida adulta sem reconhecer de onde eles v\u00eam. Neste [&hellip;]<\/p>\n","protected":false},"author":15928,"featured_media":237998,"comment_status":"closed","ping_status":"closed","sticky":false,"template":"","format":"standard","meta":{"_acf_changed":false,"inline_featured_image":false,"footnotes":""},"categories":[23250],"tags":[],"class_list":["post-240521","post","type-post","status-publish","format-standard","has-post-thumbnail","hentry","category-nao-categorizado"],"acf":[],"yoast_head":"<!-- This site is optimized with the Yoast SEO plugin v18.8 - https:\/\/yoast.com\/wordpress\/plugins\/seo\/ -->\n<title>Pessoas que tiveram que crescer r\u00e1pido demais geralmente desenvolvem esses 8 comportamentos na vida adulta (sem perceber)<\/title>\n<meta name=\"robots\" content=\"index, follow, max-snippet:-1, max-image-preview:large, max-video-preview:-1\" \/>\n<link rel=\"canonical\" href=\"https:\/\/newsreports.com\/pt-br\/pessoas-que-tiveram-que-crescer-rapido-demais-geralmente-desenvolvem-esses-8-comportamentos-na-vida-adulta-sem-perceber\/\" \/>\n<meta property=\"og:locale\" content=\"pt_BR\" \/>\n<meta property=\"og:type\" content=\"article\" \/>\n<meta property=\"og:title\" content=\"Pessoas que tiveram que crescer r\u00e1pido demais geralmente desenvolvem esses 8 comportamentos na vida adulta (sem perceber)\" \/>\n<meta property=\"og:description\" content=\"Quando algu\u00e9m precisa amadurecer cedo demais, isso deixa marcas. Se tiveram que assumir responsabilidades de adulto ainda na inf\u00e2ncia, isso se reflete mais tarde. \u00c9 assim que a psique humana funciona. O curioso \u00e9 que muitas dessas pessoas nem percebem. Elas carregam certos comportamentos para a vida adulta sem reconhecer de onde eles v\u00eam. Neste [&hellip;]\" \/>\n<meta property=\"og:url\" content=\"https:\/\/newsreports.com\/pt-br\/pessoas-que-tiveram-que-crescer-rapido-demais-geralmente-desenvolvem-esses-8-comportamentos-na-vida-adulta-sem-perceber\/\" \/>\n<meta property=\"og:site_name\" content=\"NewsReports\" \/>\n<meta property=\"article:published_time\" content=\"2025-01-29T02:00:27+00:00\" \/>\n<meta property=\"article:modified_time\" content=\"2025-01-29T07:46:34+00:00\" \/>\n<meta property=\"og:image\" content=\"https:\/\/newsreports.com\/wp-content\/uploads\/2025\/01\/People-who-had-to-grow-up-too-fast-usually-develop-these-behaviors-as-adults-without-realizing-it-1.png\" \/>\n\t<meta property=\"og:image:width\" content=\"1600\" \/>\n\t<meta property=\"og:image:height\" content=\"840\" \/>\n\t<meta property=\"og:image:type\" content=\"image\/png\" \/>\n<meta name=\"twitter:card\" content=\"summary_large_image\" \/>\n<meta name=\"twitter:label1\" content=\"Escrito por\" \/>\n\t<meta name=\"twitter:data1\" content=\"Ava Sinclair\" \/>\n\t<meta name=\"twitter:label2\" content=\"Est. tempo de leitura\" \/>\n\t<meta name=\"twitter:data2\" content=\"5 minutos\" \/>\n<script type=\"application\/ld+json\" class=\"yoast-schema-graph\">{\"@context\":\"https:\/\/schema.org\",\"@graph\":[{\"@type\":\"WebSite\",\"@id\":\"https:\/\/newsreports.com\/pt-br\/#website\",\"url\":\"https:\/\/newsreports.com\/pt-br\/\",\"name\":\"NewsReports\",\"description\":\"- Apps News, Trends, and More\",\"potentialAction\":[{\"@type\":\"SearchAction\",\"target\":{\"@type\":\"EntryPoint\",\"urlTemplate\":\"https:\/\/newsreports.com\/pt-br\/?s={search_term_string}\"},\"query-input\":\"required name=search_term_string\"}],\"inLanguage\":\"pt-BR\"},{\"@type\":\"ImageObject\",\"inLanguage\":\"pt-BR\",\"@id\":\"https:\/\/newsreports.com\/pt-br\/pessoas-que-tiveram-que-crescer-rapido-demais-geralmente-desenvolvem-esses-8-comportamentos-na-vida-adulta-sem-perceber\/#primaryimage\",\"url\":\"https:\/\/newsreports.com\/wp-content\/uploads\/2025\/01\/People-who-had-to-grow-up-too-fast-usually-develop-these-behaviors-as-adults-without-realizing-it-1.png\",\"contentUrl\":\"https:\/\/newsreports.com\/wp-content\/uploads\/2025\/01\/People-who-had-to-grow-up-too-fast-usually-develop-these-behaviors-as-adults-without-realizing-it-1.png\",\"width\":1600,\"height\":840},{\"@type\":\"WebPage\",\"@id\":\"https:\/\/newsreports.com\/pt-br\/pessoas-que-tiveram-que-crescer-rapido-demais-geralmente-desenvolvem-esses-8-comportamentos-na-vida-adulta-sem-perceber\/#webpage\",\"url\":\"https:\/\/newsreports.com\/pt-br\/pessoas-que-tiveram-que-crescer-rapido-demais-geralmente-desenvolvem-esses-8-comportamentos-na-vida-adulta-sem-perceber\/\",\"name\":\"Pessoas que tiveram que crescer r\u00e1pido demais geralmente desenvolvem esses 8 comportamentos na vida adulta (sem perceber)\",\"isPartOf\":{\"@id\":\"https:\/\/newsreports.com\/pt-br\/#website\"},\"primaryImageOfPage\":{\"@id\":\"https:\/\/newsreports.com\/pt-br\/pessoas-que-tiveram-que-crescer-rapido-demais-geralmente-desenvolvem-esses-8-comportamentos-na-vida-adulta-sem-perceber\/#primaryimage\"},\"datePublished\":\"2025-01-29T02:00:27+00:00\",\"dateModified\":\"2025-01-29T07:46:34+00:00\",\"author\":{\"@id\":\"https:\/\/newsreports.com\/pt-br\/#\/schema\/person\/f9830d6c73be548ae7f085284f9a17b5\"},\"breadcrumb\":{\"@id\":\"https:\/\/newsreports.com\/pt-br\/pessoas-que-tiveram-que-crescer-rapido-demais-geralmente-desenvolvem-esses-8-comportamentos-na-vida-adulta-sem-perceber\/#breadcrumb\"},\"inLanguage\":\"pt-BR\",\"potentialAction\":[{\"@type\":\"ReadAction\",\"target\":[\"https:\/\/newsreports.com\/pt-br\/pessoas-que-tiveram-que-crescer-rapido-demais-geralmente-desenvolvem-esses-8-comportamentos-na-vida-adulta-sem-perceber\/\"]}]},{\"@type\":\"BreadcrumbList\",\"@id\":\"https:\/\/newsreports.com\/pt-br\/pessoas-que-tiveram-que-crescer-rapido-demais-geralmente-desenvolvem-esses-8-comportamentos-na-vida-adulta-sem-perceber\/#breadcrumb\",\"itemListElement\":[{\"@type\":\"ListItem\",\"position\":1,\"name\":\"Home\",\"item\":\"https:\/\/newsreports.com\/pt-br\/inicio\/\"},{\"@type\":\"ListItem\",\"position\":2,\"name\":\"Pessoas que tiveram que crescer r\u00e1pido demais geralmente desenvolvem esses 8 comportamentos na vida adulta (sem perceber)\"}]},{\"@type\":\"Person\",\"@id\":\"https:\/\/newsreports.com\/pt-br\/#\/schema\/person\/f9830d6c73be548ae7f085284f9a17b5\",\"name\":\"Ava Sinclair\",\"image\":{\"@type\":\"ImageObject\",\"inLanguage\":\"pt-BR\",\"@id\":\"https:\/\/newsreports.com\/pt-br\/#\/schema\/person\/image\/\",\"url\":\"https:\/\/newsreports.com\/wp-content\/uploads\/2025\/01\/cropped-Ava-Sinclair-96x96.jpg\",\"contentUrl\":\"https:\/\/newsreports.com\/wp-content\/uploads\/2025\/01\/cropped-Ava-Sinclair-96x96.jpg\",\"caption\":\"Ava Sinclair\"},\"description\":\"Ava Sinclair is a former competitive athlete who transitioned into the world of wellness and mindfulness. Her journey through the highs and lows of competitive sports has given her a unique perspective on resilience and mental toughness. Ava\u2019s writing reflects her belief in the power of small, daily habits to create lasting change.\",\"url\":\"https:\/\/newsreports.com\/pt-br\/author\/ava-sinclair\/\"}]}<\/script>\n<!-- \/ Yoast SEO plugin. -->","yoast_head_json":{"title":"Pessoas que tiveram que crescer r\u00e1pido demais geralmente desenvolvem esses 8 comportamentos na vida adulta (sem perceber)","robots":{"index":"index","follow":"follow","max-snippet":"max-snippet:-1","max-image-preview":"max-image-preview:large","max-video-preview":"max-video-preview:-1"},"canonical":"https:\/\/newsreports.com\/pt-br\/pessoas-que-tiveram-que-crescer-rapido-demais-geralmente-desenvolvem-esses-8-comportamentos-na-vida-adulta-sem-perceber\/","og_locale":"pt_BR","og_type":"article","og_title":"Pessoas que tiveram que crescer r\u00e1pido demais geralmente desenvolvem esses 8 comportamentos na vida adulta (sem perceber)","og_description":"Quando algu\u00e9m precisa amadurecer cedo demais, isso deixa marcas. Se tiveram que assumir responsabilidades de adulto ainda na inf\u00e2ncia, isso se reflete mais tarde. \u00c9 assim que a psique humana funciona. O curioso \u00e9 que muitas dessas pessoas nem percebem. Elas carregam certos comportamentos para a vida adulta sem reconhecer de onde eles v\u00eam. Neste [&hellip;]","og_url":"https:\/\/newsreports.com\/pt-br\/pessoas-que-tiveram-que-crescer-rapido-demais-geralmente-desenvolvem-esses-8-comportamentos-na-vida-adulta-sem-perceber\/","og_site_name":"NewsReports","article_published_time":"2025-01-29T02:00:27+00:00","article_modified_time":"2025-01-29T07:46:34+00:00","og_image":[{"width":1600,"height":840,"url":"https:\/\/newsreports.com\/wp-content\/uploads\/2025\/01\/People-who-had-to-grow-up-too-fast-usually-develop-these-behaviors-as-adults-without-realizing-it-1.png","type":"image\/png"}],"twitter_card":"summary_large_image","twitter_misc":{"Escrito por":"Ava Sinclair","Est. tempo de leitura":"5 minutos"},"schema":{"@context":"https:\/\/schema.org","@graph":[{"@type":"WebSite","@id":"https:\/\/newsreports.com\/pt-br\/#website","url":"https:\/\/newsreports.com\/pt-br\/","name":"NewsReports","description":"- Apps News, Trends, and More","potentialAction":[{"@type":"SearchAction","target":{"@type":"EntryPoint","urlTemplate":"https:\/\/newsreports.com\/pt-br\/?s={search_term_string}"},"query-input":"required name=search_term_string"}],"inLanguage":"pt-BR"},{"@type":"ImageObject","inLanguage":"pt-BR","@id":"https:\/\/newsreports.com\/pt-br\/pessoas-que-tiveram-que-crescer-rapido-demais-geralmente-desenvolvem-esses-8-comportamentos-na-vida-adulta-sem-perceber\/#primaryimage","url":"https:\/\/newsreports.com\/wp-content\/uploads\/2025\/01\/People-who-had-to-grow-up-too-fast-usually-develop-these-behaviors-as-adults-without-realizing-it-1.png","contentUrl":"https:\/\/newsreports.com\/wp-content\/uploads\/2025\/01\/People-who-had-to-grow-up-too-fast-usually-develop-these-behaviors-as-adults-without-realizing-it-1.png","width":1600,"height":840},{"@type":"WebPage","@id":"https:\/\/newsreports.com\/pt-br\/pessoas-que-tiveram-que-crescer-rapido-demais-geralmente-desenvolvem-esses-8-comportamentos-na-vida-adulta-sem-perceber\/#webpage","url":"https:\/\/newsreports.com\/pt-br\/pessoas-que-tiveram-que-crescer-rapido-demais-geralmente-desenvolvem-esses-8-comportamentos-na-vida-adulta-sem-perceber\/","name":"Pessoas que tiveram que crescer r\u00e1pido demais geralmente desenvolvem esses 8 comportamentos na vida adulta (sem perceber)","isPartOf":{"@id":"https:\/\/newsreports.com\/pt-br\/#website"},"primaryImageOfPage":{"@id":"https:\/\/newsreports.com\/pt-br\/pessoas-que-tiveram-que-crescer-rapido-demais-geralmente-desenvolvem-esses-8-comportamentos-na-vida-adulta-sem-perceber\/#primaryimage"},"datePublished":"2025-01-29T02:00:27+00:00","dateModified":"2025-01-29T07:46:34+00:00","author":{"@id":"https:\/\/newsreports.com\/pt-br\/#\/schema\/person\/f9830d6c73be548ae7f085284f9a17b5"},"breadcrumb":{"@id":"https:\/\/newsreports.com\/pt-br\/pessoas-que-tiveram-que-crescer-rapido-demais-geralmente-desenvolvem-esses-8-comportamentos-na-vida-adulta-sem-perceber\/#breadcrumb"},"inLanguage":"pt-BR","potentialAction":[{"@type":"ReadAction","target":["https:\/\/newsreports.com\/pt-br\/pessoas-que-tiveram-que-crescer-rapido-demais-geralmente-desenvolvem-esses-8-comportamentos-na-vida-adulta-sem-perceber\/"]}]},{"@type":"BreadcrumbList","@id":"https:\/\/newsreports.com\/pt-br\/pessoas-que-tiveram-que-crescer-rapido-demais-geralmente-desenvolvem-esses-8-comportamentos-na-vida-adulta-sem-perceber\/#breadcrumb","itemListElement":[{"@type":"ListItem","position":1,"name":"Home","item":"https:\/\/newsreports.com\/pt-br\/inicio\/"},{"@type":"ListItem","position":2,"name":"Pessoas que tiveram que crescer r\u00e1pido demais geralmente desenvolvem esses 8 comportamentos na vida adulta (sem perceber)"}]},{"@type":"Person","@id":"https:\/\/newsreports.com\/pt-br\/#\/schema\/person\/f9830d6c73be548ae7f085284f9a17b5","name":"Ava Sinclair","image":{"@type":"ImageObject","inLanguage":"pt-BR","@id":"https:\/\/newsreports.com\/pt-br\/#\/schema\/person\/image\/","url":"https:\/\/newsreports.com\/wp-content\/uploads\/2025\/01\/cropped-Ava-Sinclair-96x96.jpg","contentUrl":"https:\/\/newsreports.com\/wp-content\/uploads\/2025\/01\/cropped-Ava-Sinclair-96x96.jpg","caption":"Ava Sinclair"},"description":"Ava Sinclair is a former competitive athlete who transitioned into the world of wellness and mindfulness. Her journey through the highs and lows of competitive sports has given her a unique perspective on resilience and mental toughness. Ava\u2019s writing reflects her belief in the power of small, daily habits to create lasting change.","url":"https:\/\/newsreports.com\/pt-br\/author\/ava-sinclair\/"}]}},"_links":{"self":[{"href":"https:\/\/newsreports.com\/pt-br\/wp-json\/wp\/v2\/posts\/240521","targetHints":{"allow":["GET"]}}],"collection":[{"href":"https:\/\/newsreports.com\/pt-br\/wp-json\/wp\/v2\/posts"}],"about":[{"href":"https:\/\/newsreports.com\/pt-br\/wp-json\/wp\/v2\/types\/post"}],"author":[{"embeddable":true,"href":"https:\/\/newsreports.com\/pt-br\/wp-json\/wp\/v2\/users\/15928"}],"replies":[{"embeddable":true,"href":"https:\/\/newsreports.com\/pt-br\/wp-json\/wp\/v2\/comments?post=240521"}],"version-history":[{"count":2,"href":"https:\/\/newsreports.com\/pt-br\/wp-json\/wp\/v2\/posts\/240521\/revisions"}],"predecessor-version":[{"id":240547,"href":"https:\/\/newsreports.com\/pt-br\/wp-json\/wp\/v2\/posts\/240521\/revisions\/240547"}],"wp:featuredmedia":[{"embeddable":true,"href":"https:\/\/newsreports.com\/pt-br\/wp-json\/wp\/v2\/media\/237998"}],"wp:attachment":[{"href":"https:\/\/newsreports.com\/pt-br\/wp-json\/wp\/v2\/media?parent=240521"}],"wp:term":[{"taxonomy":"category","embeddable":true,"href":"https:\/\/newsreports.com\/pt-br\/wp-json\/wp\/v2\/categories?post=240521"},{"taxonomy":"post_tag","embeddable":true,"href":"https:\/\/newsreports.com\/pt-br\/wp-json\/wp\/v2\/tags?post=240521"}],"curies":[{"name":"wp","href":"https:\/\/api.w.org\/{rel}","templated":true}]}}