{"id":345125,"date":"2025-03-12T12:00:17","date_gmt":"2025-03-12T05:00:17","guid":{"rendered":"https:\/\/newsreports.com\/?p=345125"},"modified":"2025-03-12T13:29:19","modified_gmt":"2025-03-12T06:29:19","slug":"7-pequenos-habitos-que-debilitan-tu-vinculo-con-tus-hijos-con-el-tiempo","status":"publish","type":"post","link":"https:\/\/newsreports.com\/es\/7-pequenos-habitos-que-debilitan-tu-vinculo-con-tus-hijos-con-el-tiempo\/","title":{"rendered":"7 peque\u00f1os h\u00e1bitos que debilitan tu v\u00ednculo con tus hijos con el tiempo"},"content":{"rendered":"<p data-start=\"194\" data-end=\"217\">Mi padre sol\u00eda decir:<\/p>\n<p data-start=\"219\" data-end=\"294\">\ud83d\udccc \u201cLa base de una buena crianza es un v\u00ednculo fuerte con tus hijos.\u201d<\/p>\n<p data-start=\"296\" data-end=\"320\">Y ten\u00eda toda la raz\u00f3n.<\/p>\n<p data-start=\"322\" data-end=\"489\">Un v\u00ednculo s\u00f3lido entre padres e hijos fomenta el respeto mutuo, mejora la comunicaci\u00f3n y tiene un impacto positivo en el desarrollo emocional y social del ni\u00f1o.<\/p>\n<p data-start=\"491\" data-end=\"618\">Pero, \u00bfalguna vez has pensado que ciertos h\u00e1bitos cotidianos pueden estar debilitando esa conexi\u00f3n sin que te des cuenta?<\/p>\n<p data-start=\"620\" data-end=\"644\">Aqu\u00ed est\u00e1 la cuesti\u00f3n:<\/p>\n<p data-start=\"646\" data-end=\"785\">\ud83d\udccc Incluso los padres m\u00e1s bien intencionados pueden, sin querer, adoptar comportamientos que crean distancia emocional con sus hijos.<\/p>\n<p data-start=\"787\" data-end=\"863\">Suele suceder de manera sutil y muchas veces sin que nos demos cuenta.<\/p>\n<p data-start=\"865\" data-end=\"982\">Si alguna vez te has preguntado: \u00ab\u00bfC\u00f3mo puedo fortalecer mi relaci\u00f3n con mis hijos?\u00bb, este art\u00edculo es para ti.<\/p>\n<p data-start=\"984\" data-end=\"1113\">Aqu\u00ed tienes 7 h\u00e1bitos aparentemente inofensivos, pero que pueden, con el tiempo, desgastar el v\u00ednculo entre padres e hijos.<\/p>\n<p data-start=\"1115\" data-end=\"1175\">\ud83d\udccc Recuerda: el primer paso para mejorar es reconocer.<\/p>\n<p data-start=\"1177\" data-end=\"1199\">As\u00ed que, comencemos.<\/p>\n<h2 data-start=\"1206\" data-end=\"1238\">1) No escuchar activamente<\/h2>\n<p data-start=\"1240\" data-end=\"1335\">\ud83d\udccc \u00bfAlguna vez has asentido mientras tu hijo hablaba, pero tu mente estaba en otra parte?<\/p>\n<p data-start=\"1337\" data-end=\"1356\">Nos pasa a todos.<\/p>\n<p data-start=\"1358\" data-end=\"1448\">El ritmo acelerado del d\u00eda a d\u00eda hace que escuchemos sin realmente prestar atenci\u00f3n.<\/p>\n<p data-start=\"1450\" data-end=\"1479\">Pero aqu\u00ed est\u00e1 el problema:<\/p>\n<p data-start=\"1481\" data-end=\"1610\">\ud83d\udccc Si no escuchamos de verdad a nuestros hijos, les enviamos el mensaje de que sus pensamientos y sentimientos no importan.<\/p>\n<p data-start=\"1612\" data-end=\"1685\">Con el tiempo, esto puede crear una brecha emocional entre ustedes.<\/p>\n<p data-start=\"1687\" data-end=\"1706\">\u2705 \u00bfQu\u00e9 hacer?<\/p>\n<ul data-start=\"1707\" data-end=\"1871\">\n<li data-start=\"1707\" data-end=\"1750\">Dale toda tu atenci\u00f3n cuando te hablen.<\/li>\n<li data-start=\"1751\" data-end=\"1802\">M\u00edralos a los ojos y demuestra inter\u00e9s genuino.<\/li>\n<li data-start=\"1803\" data-end=\"1871\">Responde de manera que refleje que has entendido lo que dijeron.<\/li>\n<\/ul>\n<p data-start=\"1873\" data-end=\"1933\">\ud83d\udccc Escuchar activamente no es solo o\u00edr, es comprender.<\/p>\n<p data-start=\"1935\" data-end=\"2006\">Y esa es una de las claves para fortalecer la relaci\u00f3n con tus hijos.<\/p>\n<h2 data-start=\"2013\" data-end=\"2073\">2) Pasar demasiado tiempo en dispositivos electr\u00f3nicos<\/h2>\n<p data-start=\"2075\" data-end=\"2173\">\ud83d\udccc \u00bfHas notado que muchas veces estamos presentes f\u00edsicamente, pero ausentes emocionalmente?<\/p>\n<p data-start=\"2175\" data-end=\"2190\">Me pas\u00f3 a m\u00ed.<\/p>\n<p data-start=\"2192\" data-end=\"2285\">\ud83d\udccc Un d\u00eda, mi hija me dijo: \u00abPap\u00e1, siempre est\u00e1s en el celular, aunque estemos juntos.\u00bb<\/p>\n<p data-start=\"2287\" data-end=\"2326\">Fue un verdadero llamado de atenci\u00f3n.<\/p>\n<p data-start=\"2328\" data-end=\"2409\">Vivimos en una era digital, donde las pantallas forman parte de nuestra rutina.<\/p>\n<p data-start=\"2411\" data-end=\"2535\">Pero muchas veces olvidamos que el uso excesivo de dispositivos puede desconectarnos emocionalmente de nuestros hijos.<\/p>\n<p data-start=\"2537\" data-end=\"2646\">\ud83d\udccc Cuando pasamos demasiado tiempo en el tel\u00e9fono, ellos pueden sentirse ignorados y menos importantes.<\/p>\n<p data-start=\"2648\" data-end=\"2749\">Despu\u00e9s de lo que me dijo mi hija, decid\u00ed reducir mi tiempo de pantalla cuando estaba con ella.<\/p>\n<p data-start=\"2751\" data-end=\"2810\">El resultado: nuestra relaci\u00f3n mejor\u00f3 significativamente.<\/p>\n<p data-start=\"2812\" data-end=\"2831\">\u2705 \u00bfQu\u00e9 hacer?<\/p>\n<ul data-start=\"2832\" data-end=\"2998\">\n<li data-start=\"2832\" data-end=\"2894\">Establece momentos sin pantallas, como la hora de la cena.<\/li>\n<li data-start=\"2895\" data-end=\"2955\">Guarda el tel\u00e9fono cuando est\u00e9s conversando con tu hijo.<\/li>\n<li data-start=\"2956\" data-end=\"2998\">Aseg\u00farate de estar realmente presente.<\/li>\n<\/ul>\n<p data-start=\"3000\" data-end=\"3105\">\ud83d\udccc Los ni\u00f1os recordar\u00e1n los momentos que compartieron contigo, no las notificaciones que revisaste.<\/p>\n<h2 data-start=\"3112\" data-end=\"3160\">3) Ser inconsistente con reglas y promesas<\/h2>\n<p data-start=\"3162\" data-end=\"3273\">\ud83d\udccc Un d\u00eda insistes en que deben acostarse temprano, pero al d\u00eda siguiente los dejas quedarse hasta tarde.<\/p>\n<p data-start=\"3275\" data-end=\"3373\">\ud83d\udccc Prometes llevarlos al parque y luego cancelas en el \u00faltimo minuto porque surgi\u00f3 algo m\u00e1s.<\/p>\n<p data-start=\"3375\" data-end=\"3430\">\ud83d\udccc A veces aplicas una regla, a veces la ignoras.<\/p>\n<p data-start=\"3432\" data-end=\"3490\">\ud83d\udccc Esto genera confusi\u00f3n e inseguridad en los ni\u00f1os.<\/p>\n<p data-start=\"3492\" data-end=\"3578\">Los ni\u00f1os necesitan previsibilidad y estabilidad para sentirse seguros y amados.<\/p>\n<p data-start=\"3580\" data-end=\"3682\">Si las reglas y promesas cambian constantemente, ellos pueden perder la confianza en sus padres.<\/p>\n<p data-start=\"3684\" data-end=\"3703\">\u2705 \u00bfQu\u00e9 hacer?<\/p>\n<ul data-start=\"3704\" data-end=\"3838\">\n<li data-start=\"3704\" data-end=\"3751\">S\u00e9 coherente con las reglas y expectativas.<\/li>\n<li data-start=\"3752\" data-end=\"3793\">Si algo cambia, expl\u00edcales el motivo.<\/li>\n<li data-start=\"3794\" data-end=\"3838\">No prometas cosas que no puedas cumplir.<\/li>\n<\/ul>\n<p data-start=\"3840\" data-end=\"3886\">\ud83d\udccc La coherencia fortalece la confianza.<\/p>\n<p data-start=\"3888\" data-end=\"3958\">Y la confianza es la base de un v\u00ednculo s\u00f3lido entre padres e hijos.<\/p>\n<h2 data-start=\"3965\" data-end=\"4003\">4) No respetar su individualidad<\/h2>\n<p data-start=\"4005\" data-end=\"4078\">Cada ni\u00f1o es \u00fanico, con sus propios intereses, talentos y personalidad.<\/p>\n<p data-start=\"4080\" data-end=\"4182\">Pero a veces, como padres, caemos en la trampa de compararlos con sus hermanos, primos o amigos.<\/p>\n<p data-start=\"4184\" data-end=\"4319\">\ud83d\udccc Intentar moldear a los hijos a nuestra imagen o seg\u00fan nuestras expectativas puede da\u00f1ar su autoestima y generar resentimiento.<\/p>\n<p data-start=\"4321\" data-end=\"4416\">Yo sol\u00eda hacerlo, tratando de que mi hijo disfrutara las mismas cosas que yo cuando era ni\u00f1o.<\/p>\n<p data-start=\"4418\" data-end=\"4502\">\ud83d\udccc Pero luego entend\u00ed que mi rol no era dirigir sus intereses, sino apoyarlos.<\/p>\n<p data-start=\"4504\" data-end=\"4523\">\u2705 \u00bfQu\u00e9 hacer?<\/p>\n<ul data-start=\"4524\" data-end=\"4693\">\n<li data-start=\"4524\" data-end=\"4603\">Acepta y valora a tu hijo por quien es, no por quien te gustar\u00eda que fuera.<\/li>\n<li data-start=\"4604\" data-end=\"4652\">Fomenta sus intereses y talentos personales.<\/li>\n<li data-start=\"4653\" data-end=\"4693\">Evita comparaciones con otros ni\u00f1os.<\/li>\n<\/ul>\n<p data-start=\"4695\" data-end=\"4805\">\ud83d\udccc Cuando un ni\u00f1o se siente valorado por lo que es, su v\u00ednculo con los padres se fortalece naturalmente.<\/p>\n<h2 data-start=\"4812\" data-end=\"4845\">5) No elogiar lo suficiente<\/h2>\n<p data-start=\"4847\" data-end=\"4882\">\ud83d\udccc Las palabras tienen poder.<\/p>\n<p data-start=\"4884\" data-end=\"4964\">Los ni\u00f1os, como los adultos, necesitan reconocimiento y refuerzo positivo.<\/p>\n<p data-start=\"4966\" data-end=\"5068\">Sin embargo, a veces nos enfocamos tanto en corregir errores que olvidamos reconocer sus logros.<\/p>\n<p data-start=\"5070\" data-end=\"5199\">Si solo escuchan cr\u00edticas y nunca reciben palabras de afirmaci\u00f3n, pueden empezar a sentirse poco valorados o insuficientes.<\/p>\n<p data-start=\"5201\" data-end=\"5220\">\u2705 \u00bfQu\u00e9 hacer?<\/p>\n<ul data-start=\"5221\" data-end=\"5463\">\n<li data-start=\"5221\" data-end=\"5267\">Celebra sus logros, por peque\u00f1os que sean.<\/li>\n<li data-start=\"5268\" data-end=\"5315\">Elogia su esfuerzo, no solo los resultados.<\/li>\n<li data-start=\"5316\" data-end=\"5463\">Usa frases como:\n<ul data-start=\"5339\" data-end=\"5463\">\n<li data-start=\"5339\" data-end=\"5375\">\u00abEstoy muy orgulloso de ti.\u00bb<\/li>\n<li data-start=\"5378\" data-end=\"5412\">\u00abHiciste un gran trabajo.\u00bb<\/li>\n<li data-start=\"5415\" data-end=\"5463\">\u00abMe encanta c\u00f3mo te esforzaste en esto.\u00bb<\/li>\n<\/ul>\n<\/li>\n<\/ul>\n<p data-start=\"5465\" data-end=\"5575\">\ud83d\udccc Las palabras de aliento fortalecen el v\u00ednculo entre padres e hijos m\u00e1s que cualquier regalo material.<\/p>\n<h2 data-start=\"5582\" data-end=\"5617\">6) Minimizar sus sentimientos<\/h2>\n<p data-start=\"5619\" data-end=\"5733\">\ud83d\udccc Cuando un ni\u00f1o llora porque no puede comer helado antes de la cena, es f\u00e1cil decirle \u00abNo llores por eso\u00bb.<\/p>\n<p data-start=\"5735\" data-end=\"5820\">Pero lo que parece trivial para nosotros puede ser un gran problema para ellos.<\/p>\n<p data-start=\"5822\" data-end=\"5938\">Si constantemente minimizamos sus emociones, sin darnos cuenta les ense\u00f1amos que sus sentimientos no importan.<\/p>\n<p data-start=\"5940\" data-end=\"6028\">Con el tiempo, esto puede hacer que dejen de compartir sus emociones con nosotros.<\/p>\n<p data-start=\"6030\" data-end=\"6049\">\u2705 \u00bfQu\u00e9 hacer?<\/p>\n<ul data-start=\"6050\" data-end=\"6233\">\n<li data-start=\"6050\" data-end=\"6116\">En lugar de invalidar sus sentimientos, valida lo que sienten.<\/li>\n<li data-start=\"6117\" data-end=\"6233\">Usa frases como:\n<ul data-start=\"6140\" data-end=\"6233\">\n<li data-start=\"6140\" data-end=\"6179\">\u00abEntiendo que esto te moleste.\u00bb<\/li>\n<li data-start=\"6182\" data-end=\"6233\">\u00abVeo que est\u00e1s triste, hablemos sobre eso.\u00bb<\/li>\n<\/ul>\n<\/li>\n<\/ul>\n<p data-start=\"6235\" data-end=\"6308\">\ud83d\udccc La empat\u00eda es clave para un v\u00ednculo fuerte entre padres e hijos.<\/p>\n<h2 data-start=\"6315\" data-end=\"6357\">7) No pasar tiempo de calidad juntos<\/h2>\n<p data-start=\"6359\" data-end=\"6439\">Al final del d\u00eda, nada sustituye el tiempo que pasamos con nuestros hijos.<\/p>\n<p data-start=\"6441\" data-end=\"6517\">Vivimos en un mundo acelerado, lleno de responsabilidades y distracciones.<\/p>\n<p data-start=\"6519\" data-end=\"6623\">Pero si no tenemos cuidado, podemos terminar sacrificando el tiempo de calidad con nuestros hijos.<\/p>\n<p data-start=\"6625\" data-end=\"6696\">Y esto, con el tiempo, erosiona el v\u00ednculo que tenemos con ellos.<\/p>\n<p data-start=\"6698\" data-end=\"6793\">\ud83d\udccc No se trata solo de estar f\u00edsicamente presentes, sino de conectar realmente con ellos.<\/p>\n<p data-start=\"6795\" data-end=\"6814\">\u2705 \u00bfQu\u00e9 hacer?<\/p>\n<ul data-start=\"6815\" data-end=\"6959\">\n<li data-start=\"6815\" data-end=\"6864\">Dedica tiempo exclusivo para estar con ellos.<\/li>\n<li data-start=\"6865\" data-end=\"6919\">Juega, cocina o simplemente conversa sobre su d\u00eda.<\/li>\n<li data-start=\"6920\" data-end=\"6959\">Haz que cada momento juntos cuente.<\/li>\n<\/ul>\n<p data-start=\"6961\" data-end=\"7055\">\ud83d\udccc Los ni\u00f1os crecen r\u00e1pido. Aseg\u00farate de aprovechar el tiempo con ellos mientras puedas.<\/p>\n<h2 data-start=\"7062\" data-end=\"7087\">Reflexi\u00f3n final<\/h2>\n<p data-start=\"7089\" data-end=\"7160\">Si te identificaste con alguno de estos h\u00e1bitos, no te castigues.<\/p>\n<p data-start=\"7162\" data-end=\"7237\">\ud83d\udccc La crianza no es un destino, es un viaje de aprendizaje constante.<\/p>\n<p data-start=\"7239\" data-end=\"7338\">El hecho de que est\u00e9s leyendo esto ya demuestra tu compromiso con mejorar como padre o madre.<\/p>\n<p data-start=\"7340\" data-end=\"7395\">\ud83d\udccc El primer paso para cambiar es la consciencia.<\/p>\n<p data-start=\"7397\" data-end=\"7596\">As\u00ed que preg\u00fantate:<br data-start=\"7416\" data-end=\"7419\" \/>\u2705 \u00bfEstoy realmente presente cuando estoy con mis hijos?<br data-start=\"7478\" data-end=\"7481\" \/>\u2705 \u00bfSoy coherente con mis reglas y promesas?<br data-start=\"7528\" data-end=\"7531\" \/>\u2705 \u00bfEstoy validando sus emociones y reconociendo sus logros?<\/p>\n<p data-start=\"7598\" data-end=\"7670\">\ud83d\udccc Cada peque\u00f1o cambio que hagas fortalecer\u00e1 tu v\u00ednculo con ellos.<\/p>\n<p data-start=\"7672\" data-end=\"7718\">As\u00ed que reflexiona, ajusta y sigue adelante.<\/p>\n<p data-start=\"7720\" data-end=\"7789\" data-is-last-node=\"\" data-is-only-node=\"\">\ud83d\udccc Nunca es tarde para ser el padre o la madre que deseas ser.<\/p>\n","protected":false},"excerpt":{"rendered":"<p>Mi padre sol\u00eda decir: \ud83d\udccc \u201cLa base de una buena crianza es un v\u00ednculo fuerte con tus hijos.\u201d Y ten\u00eda toda la raz\u00f3n. Un v\u00ednculo s\u00f3lido entre padres e hijos fomenta el respeto mutuo, mejora la comunicaci\u00f3n y tiene un impacto positivo en el desarrollo emocional y social del ni\u00f1o. Pero, \u00bfalguna vez has pensado [&hellip;]<\/p>\n","protected":false},"author":15933,"featured_media":344574,"comment_status":"closed","ping_status":"closed","sticky":false,"template":"","format":"standard","meta":{"_acf_changed":false,"inline_featured_image":false,"footnotes":""},"categories":[23249],"tags":[],"class_list":["post-345125","post","type-post","status-publish","format-standard","has-post-thumbnail","hentry","category-sin-categorizar"],"acf":[],"yoast_head":"<!-- This site is optimized with the Yoast SEO plugin v18.8 - https:\/\/yoast.com\/wordpress\/plugins\/seo\/ -->\n<title>7 peque\u00f1os h\u00e1bitos que debilitan tu v\u00ednculo con tus hijos con el tiempo<\/title>\n<meta name=\"robots\" content=\"index, follow, max-snippet:-1, max-image-preview:large, max-video-preview:-1\" \/>\n<link rel=\"canonical\" href=\"https:\/\/newsreports.com\/es\/7-pequenos-habitos-que-debilitan-tu-vinculo-con-tus-hijos-con-el-tiempo\/\" \/>\n<meta property=\"og:locale\" content=\"es_ES\" \/>\n<meta property=\"og:type\" content=\"article\" \/>\n<meta property=\"og:title\" content=\"7 peque\u00f1os h\u00e1bitos que debilitan tu v\u00ednculo con tus hijos con el tiempo\" \/>\n<meta property=\"og:description\" content=\"Mi padre sol\u00eda decir: \ud83d\udccc \u201cLa base de una buena crianza es un v\u00ednculo fuerte con tus hijos.\u201d Y ten\u00eda toda la raz\u00f3n. Un v\u00ednculo s\u00f3lido entre padres e hijos fomenta el respeto mutuo, mejora la comunicaci\u00f3n y tiene un impacto positivo en el desarrollo emocional y social del ni\u00f1o. Pero, \u00bfalguna vez has pensado [&hellip;]\" \/>\n<meta property=\"og:url\" content=\"https:\/\/newsreports.com\/es\/7-pequenos-habitos-que-debilitan-tu-vinculo-con-tus-hijos-con-el-tiempo\/\" \/>\n<meta property=\"og:site_name\" content=\"NewsReports\" \/>\n<meta property=\"article:published_time\" content=\"2025-03-12T05:00:17+00:00\" \/>\n<meta property=\"article:modified_time\" content=\"2025-03-12T06:29:19+00:00\" \/>\n<meta property=\"og:image\" content=\"https:\/\/newsreports.com\/wp-content\/uploads\/2025\/03\/small-habits-that-weaken-your-bond-with-your-children-over-time-1024x538.png\" \/>\n\t<meta property=\"og:image:width\" content=\"1024\" \/>\n\t<meta property=\"og:image:height\" content=\"538\" \/>\n\t<meta property=\"og:image:type\" content=\"image\/png\" \/>\n<meta name=\"twitter:card\" content=\"summary_large_image\" \/>\n<meta name=\"twitter:label1\" content=\"Escrito por\" \/>\n\t<meta name=\"twitter:data1\" content=\"Nathaniel Foster\" \/>\n\t<meta name=\"twitter:label2\" content=\"Tiempo de lectura\" \/>\n\t<meta name=\"twitter:data2\" content=\"6 minutos\" \/>\n<script type=\"application\/ld+json\" class=\"yoast-schema-graph\">{\"@context\":\"https:\/\/schema.org\",\"@graph\":[{\"@type\":\"WebSite\",\"@id\":\"https:\/\/newsreports.com\/es\/#website\",\"url\":\"https:\/\/newsreports.com\/es\/\",\"name\":\"NewsReports\",\"description\":\"- Apps News, Trends, and More\",\"potentialAction\":[{\"@type\":\"SearchAction\",\"target\":{\"@type\":\"EntryPoint\",\"urlTemplate\":\"https:\/\/newsreports.com\/es\/?s={search_term_string}\"},\"query-input\":\"required name=search_term_string\"}],\"inLanguage\":\"es\"},{\"@type\":\"ImageObject\",\"inLanguage\":\"es\",\"@id\":\"https:\/\/newsreports.com\/es\/7-pequenos-habitos-que-debilitan-tu-vinculo-con-tus-hijos-con-el-tiempo\/#primaryimage\",\"url\":\"https:\/\/newsreports.com\/wp-content\/uploads\/2025\/03\/small-habits-that-weaken-your-bond-with-your-children-over-time.png\",\"contentUrl\":\"https:\/\/newsreports.com\/wp-content\/uploads\/2025\/03\/small-habits-that-weaken-your-bond-with-your-children-over-time.png\",\"width\":1600,\"height\":840},{\"@type\":\"WebPage\",\"@id\":\"https:\/\/newsreports.com\/es\/7-pequenos-habitos-que-debilitan-tu-vinculo-con-tus-hijos-con-el-tiempo\/#webpage\",\"url\":\"https:\/\/newsreports.com\/es\/7-pequenos-habitos-que-debilitan-tu-vinculo-con-tus-hijos-con-el-tiempo\/\",\"name\":\"7 peque\u00f1os h\u00e1bitos que debilitan tu v\u00ednculo con tus hijos con el tiempo\",\"isPartOf\":{\"@id\":\"https:\/\/newsreports.com\/es\/#website\"},\"primaryImageOfPage\":{\"@id\":\"https:\/\/newsreports.com\/es\/7-pequenos-habitos-que-debilitan-tu-vinculo-con-tus-hijos-con-el-tiempo\/#primaryimage\"},\"datePublished\":\"2025-03-12T05:00:17+00:00\",\"dateModified\":\"2025-03-12T06:29:19+00:00\",\"author\":{\"@id\":\"https:\/\/newsreports.com\/es\/#\/schema\/person\/5f9a9abd44f7000205a522770fef93ad\"},\"breadcrumb\":{\"@id\":\"https:\/\/newsreports.com\/es\/7-pequenos-habitos-que-debilitan-tu-vinculo-con-tus-hijos-con-el-tiempo\/#breadcrumb\"},\"inLanguage\":\"es\",\"potentialAction\":[{\"@type\":\"ReadAction\",\"target\":[\"https:\/\/newsreports.com\/es\/7-pequenos-habitos-que-debilitan-tu-vinculo-con-tus-hijos-con-el-tiempo\/\"]}]},{\"@type\":\"BreadcrumbList\",\"@id\":\"https:\/\/newsreports.com\/es\/7-pequenos-habitos-que-debilitan-tu-vinculo-con-tus-hijos-con-el-tiempo\/#breadcrumb\",\"itemListElement\":[{\"@type\":\"ListItem\",\"position\":1,\"name\":\"Home\",\"item\":\"https:\/\/newsreports.com\/es\/inicio\/\"},{\"@type\":\"ListItem\",\"position\":2,\"name\":\"7 peque\u00f1os h\u00e1bitos que debilitan tu v\u00ednculo con tus hijos con el tiempo\"}]},{\"@type\":\"Person\",\"@id\":\"https:\/\/newsreports.com\/es\/#\/schema\/person\/5f9a9abd44f7000205a522770fef93ad\",\"name\":\"Nathaniel Foster\",\"image\":{\"@type\":\"ImageObject\",\"inLanguage\":\"es\",\"@id\":\"https:\/\/newsreports.com\/es\/#\/schema\/person\/image\/\",\"url\":\"https:\/\/newsreports.com\/wp-content\/uploads\/2025\/01\/cropped-Nathaniel-Foster-96x96.png\",\"contentUrl\":\"https:\/\/newsreports.com\/wp-content\/uploads\/2025\/01\/cropped-Nathaniel-Foster-96x96.png\",\"caption\":\"Nathaniel Foster\"},\"description\":\"Nathaniel Foster isn\u2019t interested in clickbait\u2014he\u2019s interested in what really matters. Drawing from his background in journalism and behavioral psychology, he examines how media, politics, and culture shape public perception. His work aims to challenge assumptions, spark conversations, and help readers think critically about the world around them.\",\"url\":\"https:\/\/newsreports.com\/es\/author\/nathanielfoster\/\"}]}<\/script>\n<!-- \/ Yoast SEO plugin. -->","yoast_head_json":{"title":"7 peque\u00f1os h\u00e1bitos que debilitan tu v\u00ednculo con tus hijos con el tiempo","robots":{"index":"index","follow":"follow","max-snippet":"max-snippet:-1","max-image-preview":"max-image-preview:large","max-video-preview":"max-video-preview:-1"},"canonical":"https:\/\/newsreports.com\/es\/7-pequenos-habitos-que-debilitan-tu-vinculo-con-tus-hijos-con-el-tiempo\/","og_locale":"es_ES","og_type":"article","og_title":"7 peque\u00f1os h\u00e1bitos que debilitan tu v\u00ednculo con tus hijos con el tiempo","og_description":"Mi padre sol\u00eda decir: \ud83d\udccc \u201cLa base de una buena crianza es un v\u00ednculo fuerte con tus hijos.\u201d Y ten\u00eda toda la raz\u00f3n. Un v\u00ednculo s\u00f3lido entre padres e hijos fomenta el respeto mutuo, mejora la comunicaci\u00f3n y tiene un impacto positivo en el desarrollo emocional y social del ni\u00f1o. Pero, \u00bfalguna vez has pensado [&hellip;]","og_url":"https:\/\/newsreports.com\/es\/7-pequenos-habitos-que-debilitan-tu-vinculo-con-tus-hijos-con-el-tiempo\/","og_site_name":"NewsReports","article_published_time":"2025-03-12T05:00:17+00:00","article_modified_time":"2025-03-12T06:29:19+00:00","og_image":[{"width":1024,"height":538,"url":"https:\/\/newsreports.com\/wp-content\/uploads\/2025\/03\/small-habits-that-weaken-your-bond-with-your-children-over-time-1024x538.png","type":"image\/png"}],"twitter_card":"summary_large_image","twitter_misc":{"Escrito por":"Nathaniel Foster","Tiempo de lectura":"6 minutos"},"schema":{"@context":"https:\/\/schema.org","@graph":[{"@type":"WebSite","@id":"https:\/\/newsreports.com\/es\/#website","url":"https:\/\/newsreports.com\/es\/","name":"NewsReports","description":"- Apps News, Trends, and More","potentialAction":[{"@type":"SearchAction","target":{"@type":"EntryPoint","urlTemplate":"https:\/\/newsreports.com\/es\/?s={search_term_string}"},"query-input":"required name=search_term_string"}],"inLanguage":"es"},{"@type":"ImageObject","inLanguage":"es","@id":"https:\/\/newsreports.com\/es\/7-pequenos-habitos-que-debilitan-tu-vinculo-con-tus-hijos-con-el-tiempo\/#primaryimage","url":"https:\/\/newsreports.com\/wp-content\/uploads\/2025\/03\/small-habits-that-weaken-your-bond-with-your-children-over-time.png","contentUrl":"https:\/\/newsreports.com\/wp-content\/uploads\/2025\/03\/small-habits-that-weaken-your-bond-with-your-children-over-time.png","width":1600,"height":840},{"@type":"WebPage","@id":"https:\/\/newsreports.com\/es\/7-pequenos-habitos-que-debilitan-tu-vinculo-con-tus-hijos-con-el-tiempo\/#webpage","url":"https:\/\/newsreports.com\/es\/7-pequenos-habitos-que-debilitan-tu-vinculo-con-tus-hijos-con-el-tiempo\/","name":"7 peque\u00f1os h\u00e1bitos que debilitan tu v\u00ednculo con tus hijos con el tiempo","isPartOf":{"@id":"https:\/\/newsreports.com\/es\/#website"},"primaryImageOfPage":{"@id":"https:\/\/newsreports.com\/es\/7-pequenos-habitos-que-debilitan-tu-vinculo-con-tus-hijos-con-el-tiempo\/#primaryimage"},"datePublished":"2025-03-12T05:00:17+00:00","dateModified":"2025-03-12T06:29:19+00:00","author":{"@id":"https:\/\/newsreports.com\/es\/#\/schema\/person\/5f9a9abd44f7000205a522770fef93ad"},"breadcrumb":{"@id":"https:\/\/newsreports.com\/es\/7-pequenos-habitos-que-debilitan-tu-vinculo-con-tus-hijos-con-el-tiempo\/#breadcrumb"},"inLanguage":"es","potentialAction":[{"@type":"ReadAction","target":["https:\/\/newsreports.com\/es\/7-pequenos-habitos-que-debilitan-tu-vinculo-con-tus-hijos-con-el-tiempo\/"]}]},{"@type":"BreadcrumbList","@id":"https:\/\/newsreports.com\/es\/7-pequenos-habitos-que-debilitan-tu-vinculo-con-tus-hijos-con-el-tiempo\/#breadcrumb","itemListElement":[{"@type":"ListItem","position":1,"name":"Home","item":"https:\/\/newsreports.com\/es\/inicio\/"},{"@type":"ListItem","position":2,"name":"7 peque\u00f1os h\u00e1bitos que debilitan tu v\u00ednculo con tus hijos con el tiempo"}]},{"@type":"Person","@id":"https:\/\/newsreports.com\/es\/#\/schema\/person\/5f9a9abd44f7000205a522770fef93ad","name":"Nathaniel Foster","image":{"@type":"ImageObject","inLanguage":"es","@id":"https:\/\/newsreports.com\/es\/#\/schema\/person\/image\/","url":"https:\/\/newsreports.com\/wp-content\/uploads\/2025\/01\/cropped-Nathaniel-Foster-96x96.png","contentUrl":"https:\/\/newsreports.com\/wp-content\/uploads\/2025\/01\/cropped-Nathaniel-Foster-96x96.png","caption":"Nathaniel Foster"},"description":"Nathaniel Foster isn\u2019t interested in clickbait\u2014he\u2019s interested in what really matters. Drawing from his background in journalism and behavioral psychology, he examines how media, politics, and culture shape public perception. His work aims to challenge assumptions, spark conversations, and help readers think critically about the world around them.","url":"https:\/\/newsreports.com\/es\/author\/nathanielfoster\/"}]}},"_links":{"self":[{"href":"https:\/\/newsreports.com\/es\/wp-json\/wp\/v2\/posts\/345125","targetHints":{"allow":["GET"]}}],"collection":[{"href":"https:\/\/newsreports.com\/es\/wp-json\/wp\/v2\/posts"}],"about":[{"href":"https:\/\/newsreports.com\/es\/wp-json\/wp\/v2\/types\/post"}],"author":[{"embeddable":true,"href":"https:\/\/newsreports.com\/es\/wp-json\/wp\/v2\/users\/15933"}],"replies":[{"embeddable":true,"href":"https:\/\/newsreports.com\/es\/wp-json\/wp\/v2\/comments?post=345125"}],"version-history":[{"count":1,"href":"https:\/\/newsreports.com\/es\/wp-json\/wp\/v2\/posts\/345125\/revisions"}],"predecessor-version":[{"id":345126,"href":"https:\/\/newsreports.com\/es\/wp-json\/wp\/v2\/posts\/345125\/revisions\/345126"}],"wp:featuredmedia":[{"embeddable":true,"href":"https:\/\/newsreports.com\/es\/wp-json\/wp\/v2\/media\/344574"}],"wp:attachment":[{"href":"https:\/\/newsreports.com\/es\/wp-json\/wp\/v2\/media?parent=345125"}],"wp:term":[{"taxonomy":"category","embeddable":true,"href":"https:\/\/newsreports.com\/es\/wp-json\/wp\/v2\/categories?post=345125"},{"taxonomy":"post_tag","embeddable":true,"href":"https:\/\/newsreports.com\/es\/wp-json\/wp\/v2\/tags?post=345125"}],"curies":[{"name":"wp","href":"https:\/\/api.w.org\/{rel}","templated":true}]}}